{"id":5977,"date":"2014-06-09T09:34:49","date_gmt":"2014-06-09T07:34:49","guid":{"rendered":"https:\/\/www.solidarnosc.org.pl\/dok\/?p=5977"},"modified":"2014-06-09T09:34:49","modified_gmt":"2014-06-09T07:34:49","slug":"decyzja-prezydium-kk-nr-134-2014-ws-opinii-o-projekcie-rozporzadzenia-mpips-oraz-mkidn-zmieniajacego-rozporzadzenie-ws-wykazu-bibliotek-organizacji-osob-niewidomych-lub-ociemnialych-oraz-organizacji-k","status":"publish","type":"post","link":"https:\/\/www.solidarnosc.org.pl\/dok\/2014\/06\/09\/decyzja-prezydium-kk-nr-134-2014-ws-opinii-o-projekcie-rozporzadzenia-mpips-oraz-mkidn-zmieniajacego-rozporzadzenie-ws-wykazu-bibliotek-organizacji-osob-niewidomych-lub-ociemnialych-oraz-organizacji-k\/","title":{"rendered":"Decyzja Prezydium KK nr 134\/2014 ws. opinii o projekcie rozporz\u0105dzenia MPiPS oraz MKiDN zmieniaj\u0105cego rozporz\u0105dzenie  ws. wykazu bibliotek, organizacji os\u00f3b niewidomych lub ociemnia\u0142ych oraz organizacji, kt\u00f3rych celem statutowym jest dzia\u0142anie na rze"},"content":{"rendered":"<p>\n\tPrezydium Komisji Krajowej NSZZ &bdquo;Solidarno\u015b\u0107&rdquo; nie wnosi uwag do projektu <em>rozporz\u0105dzenia Ministra Pracy i Polityki Spo\u0142ecznej oraz Ministra Kultury i Dziedzictwa Narodowego z dnia 7 maja 2014 r. zmieniaj\u0105cego rozporz\u0105dzenie w sprawie wykazu bibliotek, organizacji os&oacute;b niewidomych lub ociemnia\u0142ych oraz organizacji, kt&oacute;rych celem statutowym jest dzia\u0142anie na rzecz os&oacute;b niewidomych lub ociemnia\u0142ych.<\/em><\/p>\n<p><\/p>\n","protected":false},"excerpt":{"rendered":"<p>Prezydium Komisji Krajowej NSZZ &bdquo;Solidarno\u015b\u0107&rdquo; nie wnosi uwag do projektu rozporz\u0105dzenia Ministra Pracy i Polityki Spo\u0142ecznej oraz Ministra Kultury i Dziedzictwa Narodowego z dnia 7 maja 2014 r. zmieniaj\u0105cego rozporz\u0105dzenie w sprawie wykazu bibliotek, organizacji os&oacute;b niewidomych lub ociemnia\u0142ych oraz organizacji, kt&oacute;rych celem statutowym jest dzia\u0142anie na rzecz os&oacute;b niewidomych lub ociemnia\u0142ych.<\/p>\n","protected":false},"author":3,"featured_media":0,"comment_status":"closed","ping_status":"closed","sticky":false,"template":"","format":"standard","meta":{"footnotes":""},"categories":[73,9],"tags":[1219,270,61,536,534],"class_list":["post-5977","post","type-post","status-publish","format-standard","hentry","category-2014prezydium","category-dokprez","tag-134-2014","tag-270","tag-decyzja","tag-decyzja-prezydium","tag-prezydium"],"_links":{"self":[{"href":"https:\/\/www.solidarnosc.org.pl\/dok\/wp-json\/wp\/v2\/posts\/5977","targetHints":{"allow":["GET"]}}],"collection":[{"href":"https:\/\/www.solidarnosc.org.pl\/dok\/wp-json\/wp\/v2\/posts"}],"about":[{"href":"https:\/\/www.solidarnosc.org.pl\/dok\/wp-json\/wp\/v2\/types\/post"}],"author":[{"embeddable":true,"href":"https:\/\/www.solidarnosc.org.pl\/dok\/wp-json\/wp\/v2\/users\/3"}],"replies":[{"embeddable":true,"href":"https:\/\/www.solidarnosc.org.pl\/dok\/wp-json\/wp\/v2\/comments?post=5977"}],"version-history":[{"count":0,"href":"https:\/\/www.solidarnosc.org.pl\/dok\/wp-json\/wp\/v2\/posts\/5977\/revisions"}],"wp:attachment":[{"href":"https:\/\/www.solidarnosc.org.pl\/dok\/wp-json\/wp\/v2\/media?parent=5977"}],"wp:term":[{"taxonomy":"category","embeddable":true,"href":"https:\/\/www.solidarnosc.org.pl\/dok\/wp-json\/wp\/v2\/categories?post=5977"},{"taxonomy":"post_tag","embeddable":true,"href":"https:\/\/www.solidarnosc.org.pl\/dok\/wp-json\/wp\/v2\/tags?post=5977"}],"curies":[{"name":"wp","href":"https:\/\/api.w.org\/{rel}","templated":true}]}}