{"id":5975,"date":"2014-06-09T09:31:38","date_gmt":"2014-06-09T07:31:38","guid":{"rendered":"https:\/\/www.solidarnosc.org.pl\/dok\/?p=5975"},"modified":"2014-06-09T09:31:38","modified_gmt":"2014-06-09T07:31:38","slug":"decyzja-prezydium-kk-nr-133-2014-ws-opinii-o-projekcie-rozporzadzenia-zmieniajacego-rozporzadzenie-w-sprawie-pomocy-finansowej-udzielanej-pracodawcom-prowadzacym-zaklady-pracy-chronionej-ze-srodkow-pa","status":"publish","type":"post","link":"https:\/\/www.solidarnosc.org.pl\/dok\/2014\/06\/09\/decyzja-prezydium-kk-nr-133-2014-ws-opinii-o-projekcie-rozporzadzenia-zmieniajacego-rozporzadzenie-w-sprawie-pomocy-finansowej-udzielanej-pracodawcom-prowadzacym-zaklady-pracy-chronionej-ze-srodkow-pa\/","title":{"rendered":"Decyzja Prezydium KK nr 133\/2014 ws. opinii o projekcie rozporz\u0105dzenia zmieniaj\u0105cego rozporz\u0105dzenie w sprawie pomocy finansowej udzielanej pracodawcom prowadz\u0105cym zak\u0142ady pracy chronionej ze \u015brodk\u00f3w Pa\u0144stwowego Funduszu Rehabilitacji Os\u00f3b Niepe\u0142nospr"},"content":{"rendered":"<p>\n\tPrezydium Komisji Krajowej NSZZ &bdquo;Solidarno\u015b\u0107&rdquo; nie wnosi uwag do projektu <em>rozporz\u0105dzenia Ministra Pracy i Polityki Spo\u0142ecznej z dnia 7 maja 2014 r. zmieniaj\u0105cego rozporz\u0105dzenie w sprawie pomocy finansowej udzielanej pracodawcom prowadz\u0105cym zak\u0142ady pracy chronionej ze \u015brodk&oacute;w Pa\u0144stwowego Funduszu Rehabilitacji Os&oacute;b Niepe\u0142nosprawnych.<\/em><\/p>\n<p>\n\t&nbsp;<\/p>\n<p><\/p>\n","protected":false},"excerpt":{"rendered":"<p>Prezydium Komisji Krajowej NSZZ &bdquo;Solidarno\u015b\u0107&rdquo; nie wnosi uwag do projektu rozporz\u0105dzenia Ministra Pracy i Polityki Spo\u0142ecznej z dnia 7 maja 2014 r. zmieniaj\u0105cego rozporz\u0105dzenie w sprawie pomocy finansowej udzielanej pracodawcom prowadz\u0105cym zak\u0142ady pracy chronionej ze \u015brodk&oacute;w Pa\u0144stwowego Funduszu Rehabilitacji Os&oacute;b Niepe\u0142nosprawnych. &nbsp;<\/p>\n","protected":false},"author":3,"featured_media":0,"comment_status":"closed","ping_status":"closed","sticky":false,"template":"","format":"standard","meta":{"footnotes":""},"categories":[73,9],"tags":[1218,270,61,536,534],"class_list":["post-5975","post","type-post","status-publish","format-standard","hentry","category-2014prezydium","category-dokprez","tag-133-2014","tag-270","tag-decyzja","tag-decyzja-prezydium","tag-prezydium"],"_links":{"self":[{"href":"https:\/\/www.solidarnosc.org.pl\/dok\/wp-json\/wp\/v2\/posts\/5975","targetHints":{"allow":["GET"]}}],"collection":[{"href":"https:\/\/www.solidarnosc.org.pl\/dok\/wp-json\/wp\/v2\/posts"}],"about":[{"href":"https:\/\/www.solidarnosc.org.pl\/dok\/wp-json\/wp\/v2\/types\/post"}],"author":[{"embeddable":true,"href":"https:\/\/www.solidarnosc.org.pl\/dok\/wp-json\/wp\/v2\/users\/3"}],"replies":[{"embeddable":true,"href":"https:\/\/www.solidarnosc.org.pl\/dok\/wp-json\/wp\/v2\/comments?post=5975"}],"version-history":[{"count":0,"href":"https:\/\/www.solidarnosc.org.pl\/dok\/wp-json\/wp\/v2\/posts\/5975\/revisions"}],"wp:attachment":[{"href":"https:\/\/www.solidarnosc.org.pl\/dok\/wp-json\/wp\/v2\/media?parent=5975"}],"wp:term":[{"taxonomy":"category","embeddable":true,"href":"https:\/\/www.solidarnosc.org.pl\/dok\/wp-json\/wp\/v2\/categories?post=5975"},{"taxonomy":"post_tag","embeddable":true,"href":"https:\/\/www.solidarnosc.org.pl\/dok\/wp-json\/wp\/v2\/tags?post=5975"}],"curies":[{"name":"wp","href":"https:\/\/api.w.org\/{rel}","templated":true}]}}