{"id":5972,"date":"2014-06-03T08:05:33","date_gmt":"2014-06-03T06:05:33","guid":{"rendered":"https:\/\/www.solidarnosc.org.pl\/dok\/?p=5972"},"modified":"2014-06-03T08:05:33","modified_gmt":"2014-06-03T06:05:33","slug":"decyzja-prezydium-kk-nr-132-2014-ws-udzialu-eksperta-nszz-solidarnosc-w-konsultacjach-partnerow-spolecznych-planowanych-w-ramach-miedzynarodowego-projektu-badawczego-pt-youth-job-insecurity-unemploy-2","status":"publish","type":"post","link":"https:\/\/www.solidarnosc.org.pl\/dok\/2014\/06\/03\/decyzja-prezydium-kk-nr-132-2014-ws-udzialu-eksperta-nszz-solidarnosc-w-konsultacjach-partnerow-spolecznych-planowanych-w-ramach-miedzynarodowego-projektu-badawczego-pt-youth-job-insecurity-unemploy-2\/","title":{"rendered":"Decyzja Prezydium KK nr 132\/2014 ws.  udzia\u0142u eksperta NSZZ  \u201eSolidarno\u015b\u0107\u201d w konsultacjach partner\u00f3w spo\u0142ecznych planowanych w ramach mi\u0119dzynarodowego projektu badawczego  pt. \u201eYouth Job Insecurity, Unemployment and Exclusion \u2013 Causes, Consequences a"},"content":{"rendered":"<p>\n\tPrezydium KK NSZZ &bdquo;Solidarno\u015b\u0107&rdquo;, z uwagi na tematyk\u0119 debaty (problematyka bezrobocia, niepewno\u015b\u0107 zatrudnienia, wykluczenie z rynku pracy m\u0142odych pracownik&oacute;w) planowanej w projekcie przygotowywanym przez Instytut Socjologii Uniwersytetu Warszawskiego,&nbsp; postanawia wyrazi\u0107 zgod\u0119 na udzia\u0142 eksperta NSZZ &bdquo;Solidarno\u015b\u0107&rdquo;&nbsp;w konsultacjach partner&oacute;w spo\u0142ecznych w ramach mi\u0119dzynarodowego projektu z chwil\u0105&nbsp; jego realizacji. Podj\u0119ta decyzja jest jednoznaczna z wyra\u017ceniem zgody na zamieszczenie NSZZ &bdquo;Solidarno\u015b\u0107&rdquo; na li\u015bcie organizacji, kt&oacute;re wyrazi\u0142y zgod\u0119 na udzia\u0142 swojego reprezentanta<br \/>\n\tw powy\u017cszym spotkaniu. Lista zostanie zamieszczona we wniosku grantowym z\u0142o\u017conym do Komisji Europejskiej w dniu 3 czerwca 2014 r.<\/p>\n<p><\/p>\n","protected":false},"excerpt":{"rendered":"<p>Prezydium KK NSZZ &bdquo;Solidarno\u015b\u0107&rdquo;, z uwagi na tematyk\u0119 debaty (problematyka bezrobocia, niepewno\u015b\u0107 zatrudnienia, wykluczenie z rynku pracy m\u0142odych pracownik&oacute;w) planowanej w projekcie przygotowywanym przez Instytut Socjologii Uniwersytetu Warszawskiego,&nbsp; postanawia wyrazi\u0107 zgod\u0119 na udzia\u0142 eksperta NSZZ &bdquo;Solidarno\u015b\u0107&rdquo;&nbsp;w konsultacjach partner&oacute;w spo\u0142ecznych w ramach mi\u0119dzynarodowego projektu z chwil\u0105&nbsp; jego realizacji. Podj\u0119ta decyzja jest jednoznaczna z wyra\u017ceniem zgody na [&hellip;]<\/p>\n","protected":false},"author":3,"featured_media":0,"comment_status":"closed","ping_status":"closed","sticky":false,"template":"","format":"standard","meta":{"footnotes":""},"categories":[73,9],"tags":[1217,270,61,536,534],"class_list":["post-5972","post","type-post","status-publish","format-standard","hentry","category-2014prezydium","category-dokprez","tag-132-2014","tag-270","tag-decyzja","tag-decyzja-prezydium","tag-prezydium"],"_links":{"self":[{"href":"https:\/\/www.solidarnosc.org.pl\/dok\/wp-json\/wp\/v2\/posts\/5972","targetHints":{"allow":["GET"]}}],"collection":[{"href":"https:\/\/www.solidarnosc.org.pl\/dok\/wp-json\/wp\/v2\/posts"}],"about":[{"href":"https:\/\/www.solidarnosc.org.pl\/dok\/wp-json\/wp\/v2\/types\/post"}],"author":[{"embeddable":true,"href":"https:\/\/www.solidarnosc.org.pl\/dok\/wp-json\/wp\/v2\/users\/3"}],"replies":[{"embeddable":true,"href":"https:\/\/www.solidarnosc.org.pl\/dok\/wp-json\/wp\/v2\/comments?post=5972"}],"version-history":[{"count":0,"href":"https:\/\/www.solidarnosc.org.pl\/dok\/wp-json\/wp\/v2\/posts\/5972\/revisions"}],"wp:attachment":[{"href":"https:\/\/www.solidarnosc.org.pl\/dok\/wp-json\/wp\/v2\/media?parent=5972"}],"wp:term":[{"taxonomy":"category","embeddable":true,"href":"https:\/\/www.solidarnosc.org.pl\/dok\/wp-json\/wp\/v2\/categories?post=5972"},{"taxonomy":"post_tag","embeddable":true,"href":"https:\/\/www.solidarnosc.org.pl\/dok\/wp-json\/wp\/v2\/tags?post=5972"}],"curies":[{"name":"wp","href":"https:\/\/api.w.org\/{rel}","templated":true}]}}