{"id":5966,"date":"2014-06-03T07:59:23","date_gmt":"2014-06-03T05:59:23","guid":{"rendered":"https:\/\/www.solidarnosc.org.pl\/dok\/?p=5966"},"modified":"2014-06-03T07:59:23","modified_gmt":"2014-06-03T05:59:23","slug":"decyzja-prezydium-kk-nr-129-2014-ws-zgody-na-wydanie-na-plytach-cd-utworow-wykonywanych-przez-artystow-na-i-przegladzie-piosenki-prawdziwej-zakazane-piosenki-w-hali-oliwii-w-dniach-20-22-sierpnia-1981","status":"publish","type":"post","link":"https:\/\/www.solidarnosc.org.pl\/dok\/2014\/06\/03\/decyzja-prezydium-kk-nr-129-2014-ws-zgody-na-wydanie-na-plytach-cd-utworow-wykonywanych-przez-artystow-na-i-przegladzie-piosenki-prawdziwej-zakazane-piosenki-w-hali-oliwii-w-dniach-20-22-sierpnia-1981\/","title":{"rendered":"Decyzja Prezydium KK nr 129\/2014  ws. zgody na wydanie na p\u0142ytach CD utwor\u00f3w wykonywanych przez artyst\u00f3w na  I Przegl\u0105dzie Piosenki Prawdziwej \u201eZakazane Piosenki\u201d w Hali Oliwii  w dniach 20-22 sierpnia 1981"},"content":{"rendered":"<p>\n\tPrezydium Komisji Krajowej NSZZ &bdquo;Solidarno\u015b\u0107&rdquo; wyra\u017ca zgod\u0119 na wydanie&nbsp;na p\u0142ytach CD utwor&oacute;w wykonywanych przez artyst&oacute;w na I Przegl\u0105dzie Piosenki Prawdziwej&nbsp;&bdquo;Zakazane Piosenki&rdquo; w Hali Oliwii w dniach 20-22 sierpnia 1981 r. oraz przekazanie&nbsp;z archiwum KK materia\u0142&oacute;w na potrzeby wydania nagra\u0144 przez Agencj\u0119 Muzyczn\u0105&nbsp;Polskiego Radia S.A.<\/p>\n<p>\n\tPrezydium KK NSZZ &bdquo;Solidarno\u015b\u0107&rdquo;, postanawia upowa\u017cni\u0107 Stanis\u0142awa Flisa&nbsp;do nadzoru&nbsp; merytorycznego nad tym projektem.<\/p>\n<p>\n\t&nbsp;<\/p>\n<p><\/p>\n","protected":false},"excerpt":{"rendered":"<p>Prezydium Komisji Krajowej NSZZ &bdquo;Solidarno\u015b\u0107&rdquo; wyra\u017ca zgod\u0119 na wydanie&nbsp;na p\u0142ytach CD utwor&oacute;w wykonywanych przez artyst&oacute;w na I Przegl\u0105dzie Piosenki Prawdziwej&nbsp;&bdquo;Zakazane Piosenki&rdquo; w Hali Oliwii w dniach 20-22 sierpnia 1981 r. oraz przekazanie&nbsp;z archiwum KK materia\u0142&oacute;w na potrzeby wydania nagra\u0144 przez Agencj\u0119 Muzyczn\u0105&nbsp;Polskiego Radia S.A. Prezydium KK NSZZ &bdquo;Solidarno\u015b\u0107&rdquo;, postanawia upowa\u017cni\u0107 Stanis\u0142awa Flisa&nbsp;do nadzoru&nbsp; merytorycznego nad [&hellip;]<\/p>\n","protected":false},"author":3,"featured_media":0,"comment_status":"closed","ping_status":"closed","sticky":false,"template":"","format":"standard","meta":{"footnotes":""},"categories":[73,9],"tags":[1214,270,61,536,534],"class_list":["post-5966","post","type-post","status-publish","format-standard","hentry","category-2014prezydium","category-dokprez","tag-129-2014","tag-270","tag-decyzja","tag-decyzja-prezydium","tag-prezydium"],"_links":{"self":[{"href":"https:\/\/www.solidarnosc.org.pl\/dok\/wp-json\/wp\/v2\/posts\/5966","targetHints":{"allow":["GET"]}}],"collection":[{"href":"https:\/\/www.solidarnosc.org.pl\/dok\/wp-json\/wp\/v2\/posts"}],"about":[{"href":"https:\/\/www.solidarnosc.org.pl\/dok\/wp-json\/wp\/v2\/types\/post"}],"author":[{"embeddable":true,"href":"https:\/\/www.solidarnosc.org.pl\/dok\/wp-json\/wp\/v2\/users\/3"}],"replies":[{"embeddable":true,"href":"https:\/\/www.solidarnosc.org.pl\/dok\/wp-json\/wp\/v2\/comments?post=5966"}],"version-history":[{"count":0,"href":"https:\/\/www.solidarnosc.org.pl\/dok\/wp-json\/wp\/v2\/posts\/5966\/revisions"}],"wp:attachment":[{"href":"https:\/\/www.solidarnosc.org.pl\/dok\/wp-json\/wp\/v2\/media?parent=5966"}],"wp:term":[{"taxonomy":"category","embeddable":true,"href":"https:\/\/www.solidarnosc.org.pl\/dok\/wp-json\/wp\/v2\/categories?post=5966"},{"taxonomy":"post_tag","embeddable":true,"href":"https:\/\/www.solidarnosc.org.pl\/dok\/wp-json\/wp\/v2\/tags?post=5966"}],"curies":[{"name":"wp","href":"https:\/\/api.w.org\/{rel}","templated":true}]}}