{"id":5964,"date":"2014-06-03T07:55:52","date_gmt":"2014-06-03T05:55:52","guid":{"rendered":"https:\/\/www.solidarnosc.org.pl\/dok\/?p=5964"},"modified":"2014-06-03T07:55:52","modified_gmt":"2014-06-03T05:55:52","slug":"decyzja-prezydium-kk-nr-128-2014-ws-wyrazenia-zgody-na-podpisanie-aneksu-1-do-istniejacego-ukladu-zbiorowego-pracy-psu-poland-and-nms-nszz-solidarnosc-crew-management-company-singapore-pte-ltd-cmcs-it","status":"publish","type":"post","link":"https:\/\/www.solidarnosc.org.pl\/dok\/2014\/06\/03\/decyzja-prezydium-kk-nr-128-2014-ws-wyrazenia-zgody-na-podpisanie-aneksu-1-do-istniejacego-ukladu-zbiorowego-pracy-psu-poland-and-nms-nszz-solidarnosc-crew-management-company-singapore-pte-ltd-cmcs-it\/","title":{"rendered":"Decyzja Prezydium KK nr 128\/2014  ws. wyra\u017cenia zgody na podpisanie Aneksu 1 do istniej\u0105cego Uk\u0142adu Zbiorowego Pracy &#8211; PSU Poland and NMS NSZZ \u201eSolidarno\u015b\u0107\u201d Crew Management Company  Singapore PTE.Ltd (CMCS) ITF TCC Agreement"},"content":{"rendered":"<p>\n\tPrezydium Komisji Krajowej NSZZ &bdquo;Solidarno\u015b\u0107&rdquo; dzia\u0142aj\u0105c na podstawie &sect; 41 ust.3 pkt. 6 Statutu NSZZ &bdquo;Solidarno\u015b\u0107&rdquo; oraz &sect; 2 Uchwa\u0142y Komisji Krajowej nr 14\/2012&nbsp;ws. interpretacji&nbsp; &sect; 41 ust. 3 pkt. 6 Statutu NSZZ &bdquo;Solidarno\u015b\u0107&rdquo; wyra\u017ca zgod\u0119 na podpisanie przez Krajow\u0105 Sekcj\u0119 Morsk\u0105 Marynarzy i Rybak&oacute;w NSZZ &bdquo;Solidarno\u015b\u0107&rdquo;&nbsp; Aneksu 1 do Uk\u0142adu Zbiorowego Pracy &#8211; PSU Poland and NMS NSZZ &bdquo;Solidarno\u015b\u0107&rdquo; Crew Management Company Singapore PTE.Ltd (CMCS) ITF TCC Agreement.<\/p>\n<p>\n\t<span style=\"line-height: 1.5\">&nbsp;Jednocze\u015bnie upowa\u017cnia Andrzeja Ko\u015bcika &ndash; Przewodnicz\u0105cego KSMMiR&nbsp;<\/span><span style=\"line-height: 1.5\">NSZZ &bdquo;Solidarno\u015b\u0107&rdquo;&nbsp; oraz Bogdana Kubiaka &ndash; Przewodnicz\u0105cego Sekretariatu Transportowc&oacute;w NSZZ &bdquo;Solidarno\u015b\u0107&rdquo; do podpisania w\/w aneksu.<\/span><\/p>\n<p><\/p>\n","protected":false},"excerpt":{"rendered":"<p>Prezydium Komisji Krajowej NSZZ &bdquo;Solidarno\u015b\u0107&rdquo; dzia\u0142aj\u0105c na podstawie &sect; 41 ust.3 pkt. 6 Statutu NSZZ &bdquo;Solidarno\u015b\u0107&rdquo; oraz &sect; 2 Uchwa\u0142y Komisji Krajowej nr 14\/2012&nbsp;ws. interpretacji&nbsp; &sect; 41 ust. 3 pkt. 6 Statutu NSZZ &bdquo;Solidarno\u015b\u0107&rdquo; wyra\u017ca zgod\u0119 na podpisanie przez Krajow\u0105 Sekcj\u0119 Morsk\u0105 Marynarzy i Rybak&oacute;w NSZZ &bdquo;Solidarno\u015b\u0107&rdquo;&nbsp; Aneksu 1 do Uk\u0142adu Zbiorowego Pracy &#8211; PSU [&hellip;]<\/p>\n","protected":false},"author":3,"featured_media":0,"comment_status":"closed","ping_status":"closed","sticky":false,"template":"","format":"standard","meta":{"footnotes":""},"categories":[73,9],"tags":[1213,270,61,536,534],"class_list":["post-5964","post","type-post","status-publish","format-standard","hentry","category-2014prezydium","category-dokprez","tag-128-2014","tag-270","tag-decyzja","tag-decyzja-prezydium","tag-prezydium"],"_links":{"self":[{"href":"https:\/\/www.solidarnosc.org.pl\/dok\/wp-json\/wp\/v2\/posts\/5964","targetHints":{"allow":["GET"]}}],"collection":[{"href":"https:\/\/www.solidarnosc.org.pl\/dok\/wp-json\/wp\/v2\/posts"}],"about":[{"href":"https:\/\/www.solidarnosc.org.pl\/dok\/wp-json\/wp\/v2\/types\/post"}],"author":[{"embeddable":true,"href":"https:\/\/www.solidarnosc.org.pl\/dok\/wp-json\/wp\/v2\/users\/3"}],"replies":[{"embeddable":true,"href":"https:\/\/www.solidarnosc.org.pl\/dok\/wp-json\/wp\/v2\/comments?post=5964"}],"version-history":[{"count":0,"href":"https:\/\/www.solidarnosc.org.pl\/dok\/wp-json\/wp\/v2\/posts\/5964\/revisions"}],"wp:attachment":[{"href":"https:\/\/www.solidarnosc.org.pl\/dok\/wp-json\/wp\/v2\/media?parent=5964"}],"wp:term":[{"taxonomy":"category","embeddable":true,"href":"https:\/\/www.solidarnosc.org.pl\/dok\/wp-json\/wp\/v2\/categories?post=5964"},{"taxonomy":"post_tag","embeddable":true,"href":"https:\/\/www.solidarnosc.org.pl\/dok\/wp-json\/wp\/v2\/tags?post=5964"}],"curies":[{"name":"wp","href":"https:\/\/api.w.org\/{rel}","templated":true}]}}