{"id":5957,"date":"2014-06-03T07:30:24","date_gmt":"2014-06-03T05:30:24","guid":{"rendered":"https:\/\/www.solidarnosc.org.pl\/dok\/?p=5957"},"modified":"2014-06-03T07:30:24","modified_gmt":"2014-06-03T05:30:24","slug":"decyzja-prezydium-kk-nr-124-2014-ws-umow-z-przewodniczacymi-krajowych-sekretariatow-branzowych-i-krajowego-sekretariatu-emerytow-i-rencistow","status":"publish","type":"post","link":"https:\/\/www.solidarnosc.org.pl\/dok\/2014\/06\/03\/decyzja-prezydium-kk-nr-124-2014-ws-umow-z-przewodniczacymi-krajowych-sekretariatow-branzowych-i-krajowego-sekretariatu-emerytow-i-rencistow\/","title":{"rendered":"Decyzja Prezydium KK nr 124\/2014  ws. um\u00f3w z radami krajowych sekretariat\u00f3w bran\u017cowych  i Krajowego Sekretariatu Emeryt\u00f3w i Rencist\u00f3w"},"content":{"rendered":"<p>\n\t(do u\u017cytku s\u0142u\u017cbowego)<\/p>\n<p>\n\t&nbsp;<\/p>\n<p><\/p>\n","protected":false},"excerpt":{"rendered":"<p>(do u\u017cytku s\u0142u\u017cbowego) &nbsp;<\/p>\n","protected":false},"author":3,"featured_media":0,"comment_status":"closed","ping_status":"closed","sticky":false,"template":"","format":"standard","meta":{"footnotes":""},"categories":[73,9],"tags":[1209,270,61,536,534],"class_list":["post-5957","post","type-post","status-publish","format-standard","hentry","category-2014prezydium","category-dokprez","tag-124-2014","tag-270","tag-decyzja","tag-decyzja-prezydium","tag-prezydium"],"_links":{"self":[{"href":"https:\/\/www.solidarnosc.org.pl\/dok\/wp-json\/wp\/v2\/posts\/5957","targetHints":{"allow":["GET"]}}],"collection":[{"href":"https:\/\/www.solidarnosc.org.pl\/dok\/wp-json\/wp\/v2\/posts"}],"about":[{"href":"https:\/\/www.solidarnosc.org.pl\/dok\/wp-json\/wp\/v2\/types\/post"}],"author":[{"embeddable":true,"href":"https:\/\/www.solidarnosc.org.pl\/dok\/wp-json\/wp\/v2\/users\/3"}],"replies":[{"embeddable":true,"href":"https:\/\/www.solidarnosc.org.pl\/dok\/wp-json\/wp\/v2\/comments?post=5957"}],"version-history":[{"count":0,"href":"https:\/\/www.solidarnosc.org.pl\/dok\/wp-json\/wp\/v2\/posts\/5957\/revisions"}],"wp:attachment":[{"href":"https:\/\/www.solidarnosc.org.pl\/dok\/wp-json\/wp\/v2\/media?parent=5957"}],"wp:term":[{"taxonomy":"category","embeddable":true,"href":"https:\/\/www.solidarnosc.org.pl\/dok\/wp-json\/wp\/v2\/categories?post=5957"},{"taxonomy":"post_tag","embeddable":true,"href":"https:\/\/www.solidarnosc.org.pl\/dok\/wp-json\/wp\/v2\/tags?post=5957"}],"curies":[{"name":"wp","href":"https:\/\/api.w.org\/{rel}","templated":true}]}}