{"id":5951,"date":"2014-05-27T19:34:56","date_gmt":"2014-05-27T17:34:56","guid":{"rendered":"https:\/\/www.solidarnosc.org.pl\/dok\/?p=5951"},"modified":"2014-05-27T19:34:56","modified_gmt":"2014-05-27T17:34:56","slug":"decyzja-prezydium-kk-nr-121-2014-ws-zatwierdzenia-regulaminu-krajowej-sekcji-oswiaty-i-wychowania-nszz-solidarnosc","status":"publish","type":"post","link":"https:\/\/www.solidarnosc.org.pl\/dok\/2014\/05\/27\/decyzja-prezydium-kk-nr-121-2014-ws-zatwierdzenia-regulaminu-krajowej-sekcji-oswiaty-i-wychowania-nszz-solidarnosc\/","title":{"rendered":"Decyzja Prezydium KK nr 121\/2014 ws. zatwierdzenia Regulaminu Krajowej Sekcji O\u015bwiaty i Wychowania NSZZ \u201eSolidarno\u015b\u0107\u201d"},"content":{"rendered":"<p>\n\tPrezydium Komisji Krajowej NSZZ &bdquo;Solidarno\u015b\u0107&rdquo;, dzia\u0142aj\u0105c na mocy postanowie\u0144 &sect; 17 ust. 2 Uchwa\u0142y KK nr 17\/08 z p&oacute;\u017aniejszymi zmianami, zatwierdza Regulamin Krajowej&nbsp; Sekcji O\u015bwiaty i WychowaniaNSZZ &bdquo;Solidarno\u015b\u0107&rdquo;.<\/p>\n<p><\/p>\n","protected":false},"excerpt":{"rendered":"<p>Prezydium Komisji Krajowej NSZZ &bdquo;Solidarno\u015b\u0107&rdquo;, dzia\u0142aj\u0105c na mocy postanowie\u0144 &sect; 17 ust. 2 Uchwa\u0142y KK nr 17\/08 z p&oacute;\u017aniejszymi zmianami, zatwierdza Regulamin Krajowej&nbsp; Sekcji O\u015bwiaty i WychowaniaNSZZ &bdquo;Solidarno\u015b\u0107&rdquo;.<\/p>\n","protected":false},"author":3,"featured_media":0,"comment_status":"closed","ping_status":"closed","sticky":false,"template":"","format":"standard","meta":{"footnotes":""},"categories":[73,9],"tags":[1206,270,61,536,534],"class_list":["post-5951","post","type-post","status-publish","format-standard","hentry","category-2014prezydium","category-dokprez","tag-121-2014","tag-270","tag-decyzja","tag-decyzja-prezydium","tag-prezydium"],"_links":{"self":[{"href":"https:\/\/www.solidarnosc.org.pl\/dok\/wp-json\/wp\/v2\/posts\/5951","targetHints":{"allow":["GET"]}}],"collection":[{"href":"https:\/\/www.solidarnosc.org.pl\/dok\/wp-json\/wp\/v2\/posts"}],"about":[{"href":"https:\/\/www.solidarnosc.org.pl\/dok\/wp-json\/wp\/v2\/types\/post"}],"author":[{"embeddable":true,"href":"https:\/\/www.solidarnosc.org.pl\/dok\/wp-json\/wp\/v2\/users\/3"}],"replies":[{"embeddable":true,"href":"https:\/\/www.solidarnosc.org.pl\/dok\/wp-json\/wp\/v2\/comments?post=5951"}],"version-history":[{"count":0,"href":"https:\/\/www.solidarnosc.org.pl\/dok\/wp-json\/wp\/v2\/posts\/5951\/revisions"}],"wp:attachment":[{"href":"https:\/\/www.solidarnosc.org.pl\/dok\/wp-json\/wp\/v2\/media?parent=5951"}],"wp:term":[{"taxonomy":"category","embeddable":true,"href":"https:\/\/www.solidarnosc.org.pl\/dok\/wp-json\/wp\/v2\/categories?post=5951"},{"taxonomy":"post_tag","embeddable":true,"href":"https:\/\/www.solidarnosc.org.pl\/dok\/wp-json\/wp\/v2\/tags?post=5951"}],"curies":[{"name":"wp","href":"https:\/\/api.w.org\/{rel}","templated":true}]}}