{"id":5925,"date":"2014-05-15T19:30:00","date_gmt":"2014-05-15T17:30:00","guid":{"rendered":"https:\/\/www.solidarnosc.org.pl\/dok\/?p=5925"},"modified":"2024-10-15T14:32:03","modified_gmt":"2024-10-15T12:32:03","slug":"uchwala-kk-nr-17-2014-ws-zmiany-obszaru-dzialania-regionu-mazowsze-i-regionu-chelmskiego","status":"publish","type":"post","link":"https:\/\/www.solidarnosc.org.pl\/dok\/2014\/05\/15\/uchwala-kk-nr-17-2014-ws-zmiany-obszaru-dzialania-regionu-mazowsze-i-regionu-chelmskiego\/","title":{"rendered":"Uchwa\u0142a KK nr 17\/2014 ws. zmiany obszaru dzia\u0142ania Regionu Mazowsze i Regionu Che\u0142mskiego"},"content":{"rendered":"<p align=\"center\">\u00a7 1<\/p>\n<p style=\"text-align: justify;\">Komisja Krajowa NSZZ \u201eSolidarno\u015b\u0107\u201d dzia\u0142aj\u0105c na podstawie \u00a7\u00a022 ust. 4 Statutu NSZZ \u201eSolidarno\u015b\u0107\u201d oraz \u00a7\u00a02 ust. 1 Uchwa\u0142y Nr 7 XIX KZD ws. zasad tworzenia\u00a0i funkcjonowania region\u00f3w oraz \u00a7\u00a013 ust. 1 Uchwa\u0142y KK nr 16\/06 ws. zako\u0144czenia istnienia jednostki organizacyjnej zwi\u0105zku, zmian zasi\u0119gu dzia\u0142ania region\u00f3w oraz zmiany miejsca rejestracji jednostek organizacyjnych Zwi\u0105zku, na wsp\u00f3lny wniosek Zarz\u0105du Regionu Mazowsze i Zarz\u0105du Regionu Che\u0142mskiego, podejmuje decyzj\u0119 o zmianie zasi\u0119gu dzia\u0142ania obu Region\u00f3w rozszerzaj\u0105c obszar Regionu Mazowsze o powiaty: w\u0142odawski, che\u0142mski, che\u0142mski grodzki i krasnostawski w wojew\u00f3dztwie lubelskim.<\/p>\n<p align=\"center\">\u00a7 2<\/p>\n<p style=\"margin-left: 14.2pt; text-align: justify;\">1.Niniejsza uchwa\u0142a stanowi podstaw\u0119 do niezw\u0142ocznego zarejestrowania jednostek organizacyjnych z powiat\u00f3w w\u0142odawski, che\u0142mski, che\u0142mski grodzki i krasnostawski do regionalnych rejestr\u00f3w jednostek organizacyjnych w Regionie Mazowsze. Zarejestrowanie tych jednostek organizacyjnych w Regionie Mazowsze, co powinno nast\u0105pi\u0107 nie p\u00f3\u017aniej ni\u017c do dnia 18 czerwca 2014 r., skutkuje jednoczesnym wyrejestrowaniem jednostek organizacyjnych z rejestr\u00f3w Regionu Che\u0142mskiego ze wszystkimi tego konsekwencjami.<\/p>\n<p style=\"margin-left: 14.2pt; text-align: justify;\">2.Region rejestruj\u0105cy jednostki organizacyjne jest zobowi\u0105zany do poinformowania pracodawc\u00f3w, kt\u00f3rych przejmowane jednostki organizacyjne obejmuj\u0105 swoim dzia\u0142aniem, o zmianie ich w\u0142adz nadrz\u0119dnych.<\/p>\n<p style=\"margin-left: 14.2pt;\" align=\"center\">\u00a7 3<\/p>\n<p style=\"margin-left: 14.2pt;\">Uchwa\u0142a wchodzi w \u017cycie z dniem podj\u0119cia.<\/p>\n","protected":false},"excerpt":{"rendered":"<p>\u00a7 1 Komisja Krajowa NSZZ \u201eSolidarno\u015b\u0107\u201d dzia\u0142aj\u0105c na podstawie \u00a7\u00a022 ust. 4 Statutu NSZZ \u201eSolidarno\u015b\u0107\u201d oraz \u00a7\u00a02 ust. 1 Uchwa\u0142y Nr 7 XIX KZD ws. zasad tworzenia\u00a0i funkcjonowania region\u00f3w oraz \u00a7\u00a013 ust. 1 Uchwa\u0142y KK nr 16\/06 ws. zako\u0144czenia istnienia jednostki organizacyjnej zwi\u0105zku, zmian zasi\u0119gu dzia\u0142ania region\u00f3w oraz zmiany miejsca rejestracji jednostek organizacyjnych Zwi\u0105zku, na [&hellip;]<\/p>\n","protected":false},"author":3,"featured_media":0,"comment_status":"closed","ping_status":"closed","sticky":false,"template":"","format":"standard","meta":{"footnotes":""},"categories":[72,8],"tags":[290,270,98,62,102],"class_list":["post-5925","post","type-post","status-publish","format-standard","hentry","category-2014kk","category-dokkk","tag-17-2014","tag-270","tag-kk","tag-uchwala","tag-uchwala-kk"],"_links":{"self":[{"href":"https:\/\/www.solidarnosc.org.pl\/dok\/wp-json\/wp\/v2\/posts\/5925","targetHints":{"allow":["GET"]}}],"collection":[{"href":"https:\/\/www.solidarnosc.org.pl\/dok\/wp-json\/wp\/v2\/posts"}],"about":[{"href":"https:\/\/www.solidarnosc.org.pl\/dok\/wp-json\/wp\/v2\/types\/post"}],"author":[{"embeddable":true,"href":"https:\/\/www.solidarnosc.org.pl\/dok\/wp-json\/wp\/v2\/users\/3"}],"replies":[{"embeddable":true,"href":"https:\/\/www.solidarnosc.org.pl\/dok\/wp-json\/wp\/v2\/comments?post=5925"}],"version-history":[{"count":1,"href":"https:\/\/www.solidarnosc.org.pl\/dok\/wp-json\/wp\/v2\/posts\/5925\/revisions"}],"predecessor-version":[{"id":12627,"href":"https:\/\/www.solidarnosc.org.pl\/dok\/wp-json\/wp\/v2\/posts\/5925\/revisions\/12627"}],"wp:attachment":[{"href":"https:\/\/www.solidarnosc.org.pl\/dok\/wp-json\/wp\/v2\/media?parent=5925"}],"wp:term":[{"taxonomy":"category","embeddable":true,"href":"https:\/\/www.solidarnosc.org.pl\/dok\/wp-json\/wp\/v2\/categories?post=5925"},{"taxonomy":"post_tag","embeddable":true,"href":"https:\/\/www.solidarnosc.org.pl\/dok\/wp-json\/wp\/v2\/tags?post=5925"}],"curies":[{"name":"wp","href":"https:\/\/api.w.org\/{rel}","templated":true}]}}