{"id":5902,"date":"2014-05-07T20:00:00","date_gmt":"2014-05-07T18:00:00","guid":{"rendered":"https:\/\/www.solidarnosc.org.pl\/dok\/?p=5902"},"modified":"2014-05-07T20:00:00","modified_gmt":"2014-05-07T18:00:00","slug":"decyzja-prezydium-kk-nr-106-2014-ws-wykreslenia-mkk-nr-31-organizacji-zwiazkowych-w-podmiotach-gospodarczych-zarzadzanych-przez-daewoo-z-rejestru-mkk","status":"publish","type":"post","link":"https:\/\/www.solidarnosc.org.pl\/dok\/2014\/05\/07\/decyzja-prezydium-kk-nr-106-2014-ws-wykreslenia-mkk-nr-31-organizacji-zwiazkowych-w-podmiotach-gospodarczych-zarzadzanych-przez-daewoo-z-rejestru-mkk\/","title":{"rendered":"Decyzja Prezydium KK nr 106\/2014 ws. wykre\u015blenia MKK nr 31 organizacji zwi\u0105zkowych w podmiotach gospodarczych zarz\u0105dzanych przez Daewoo z rejestru MKK"},"content":{"rendered":"<p>\n\tPrezydium Komisji Krajowej NSZZ &bdquo;Solidarno\u015b\u0107&rdquo;, dzia\u0142aj\u0105c na mocy uchwa\u0142y KK&nbsp;nr 29\/04 skre\u015bla z rejestru Mi\u0119dzyzak\u0142adow\u0105 Komisj\u0119 Koordynacyjn\u0105 NSZZ &bdquo;Solidarno\u015b\u0107&rdquo; organizacji zwi\u0105zkowych w podmiotach gospodarczych zarz\u0105dzanych przez Daewoo zarejestrowan\u0105 pod nr 31 w&nbsp;Krajowym Rejestrze MKK, w&nbsp;zwi\u0105zku z upad\u0142o\u015bci\u0105 firmy.<\/p>\n<p><\/p>\n","protected":false},"excerpt":{"rendered":"<p>Prezydium Komisji Krajowej NSZZ &bdquo;Solidarno\u015b\u0107&rdquo;, dzia\u0142aj\u0105c na mocy uchwa\u0142y KK&nbsp;nr 29\/04 skre\u015bla z rejestru Mi\u0119dzyzak\u0142adow\u0105 Komisj\u0119 Koordynacyjn\u0105 NSZZ &bdquo;Solidarno\u015b\u0107&rdquo; organizacji zwi\u0105zkowych w podmiotach gospodarczych zarz\u0105dzanych przez Daewoo zarejestrowan\u0105 pod nr 31 w&nbsp;Krajowym Rejestrze MKK, w&nbsp;zwi\u0105zku z upad\u0142o\u015bci\u0105 firmy.<\/p>\n","protected":false},"author":3,"featured_media":0,"comment_status":"closed","ping_status":"closed","sticky":false,"template":"","format":"standard","meta":{"footnotes":""},"categories":[73,9],"tags":[1191,270,61,536,534],"class_list":["post-5902","post","type-post","status-publish","format-standard","hentry","category-2014prezydium","category-dokprez","tag-106-2014","tag-270","tag-decyzja","tag-decyzja-prezydium","tag-prezydium"],"_links":{"self":[{"href":"https:\/\/www.solidarnosc.org.pl\/dok\/wp-json\/wp\/v2\/posts\/5902","targetHints":{"allow":["GET"]}}],"collection":[{"href":"https:\/\/www.solidarnosc.org.pl\/dok\/wp-json\/wp\/v2\/posts"}],"about":[{"href":"https:\/\/www.solidarnosc.org.pl\/dok\/wp-json\/wp\/v2\/types\/post"}],"author":[{"embeddable":true,"href":"https:\/\/www.solidarnosc.org.pl\/dok\/wp-json\/wp\/v2\/users\/3"}],"replies":[{"embeddable":true,"href":"https:\/\/www.solidarnosc.org.pl\/dok\/wp-json\/wp\/v2\/comments?post=5902"}],"version-history":[{"count":0,"href":"https:\/\/www.solidarnosc.org.pl\/dok\/wp-json\/wp\/v2\/posts\/5902\/revisions"}],"wp:attachment":[{"href":"https:\/\/www.solidarnosc.org.pl\/dok\/wp-json\/wp\/v2\/media?parent=5902"}],"wp:term":[{"taxonomy":"category","embeddable":true,"href":"https:\/\/www.solidarnosc.org.pl\/dok\/wp-json\/wp\/v2\/categories?post=5902"},{"taxonomy":"post_tag","embeddable":true,"href":"https:\/\/www.solidarnosc.org.pl\/dok\/wp-json\/wp\/v2\/tags?post=5902"}],"curies":[{"name":"wp","href":"https:\/\/api.w.org\/{rel}","templated":true}]}}