{"id":5900,"date":"2014-05-07T18:20:00","date_gmt":"2014-05-07T16:20:00","guid":{"rendered":"https:\/\/www.solidarnosc.org.pl\/dok\/?p=5900"},"modified":"2014-05-07T18:20:00","modified_gmt":"2014-05-07T16:20:00","slug":"decyzja-prezydium-kk-nr-105-2014-ws-zatwierdzenia-regulaminu-krajowej-sekcji-rud-cynku-i-olowiu-nszz-solidarnosc","status":"publish","type":"post","link":"https:\/\/www.solidarnosc.org.pl\/dok\/2014\/05\/07\/decyzja-prezydium-kk-nr-105-2014-ws-zatwierdzenia-regulaminu-krajowej-sekcji-rud-cynku-i-olowiu-nszz-solidarnosc\/","title":{"rendered":"Decyzja Prezydium KK nr 105\/2014 ws. zatwierdzenia Regulaminu Krajowej Sekcji Rud Cynku i O\u0142owiu NSZZ \u201eSolidarno\u015b\u0107\u201d"},"content":{"rendered":"<p>\n\tPrezydium Komisji Krajowej NSZZ &bdquo;Solidarno\u015b\u0107&rdquo;, dzia\u0142aj\u0105c na mocy postanowie\u0144 &nbsp;&sect; 17 ust. 2 uchwa\u0142y KK nr 17\/08 z p&oacute;\u017aniejszymi zmianami, zatwierdza Regulamin Krajowej&nbsp; Sekcji Rud Cynku i O\u0142owiu NSZZ &bdquo;Solidarno\u015b\u0107&rdquo; przyj\u0119ty podczas Walnego Zebrania Delegat&oacute;w Krajowej Sekcji Rud Cynku i O\u0142owiu, kt&oacute;re odby\u0142o si\u0119 w Miasteczku \u015al\u0105skim 4 kwietnia 2014r.<\/p>\n<p><\/p>\n","protected":false},"excerpt":{"rendered":"<p>Prezydium Komisji Krajowej NSZZ &bdquo;Solidarno\u015b\u0107&rdquo;, dzia\u0142aj\u0105c na mocy postanowie\u0144 &nbsp;&sect; 17 ust. 2 uchwa\u0142y KK nr 17\/08 z p&oacute;\u017aniejszymi zmianami, zatwierdza Regulamin Krajowej&nbsp; Sekcji Rud Cynku i O\u0142owiu NSZZ &bdquo;Solidarno\u015b\u0107&rdquo; przyj\u0119ty podczas Walnego Zebrania Delegat&oacute;w Krajowej Sekcji Rud Cynku i O\u0142owiu, kt&oacute;re odby\u0142o si\u0119 w Miasteczku \u015al\u0105skim 4 kwietnia 2014r.<\/p>\n","protected":false},"author":3,"featured_media":0,"comment_status":"closed","ping_status":"closed","sticky":false,"template":"","format":"standard","meta":{"footnotes":""},"categories":[73,9],"tags":[1190,270,61,536,534],"class_list":["post-5900","post","type-post","status-publish","format-standard","hentry","category-2014prezydium","category-dokprez","tag-105-2014","tag-270","tag-decyzja","tag-decyzja-prezydium","tag-prezydium"],"_links":{"self":[{"href":"https:\/\/www.solidarnosc.org.pl\/dok\/wp-json\/wp\/v2\/posts\/5900","targetHints":{"allow":["GET"]}}],"collection":[{"href":"https:\/\/www.solidarnosc.org.pl\/dok\/wp-json\/wp\/v2\/posts"}],"about":[{"href":"https:\/\/www.solidarnosc.org.pl\/dok\/wp-json\/wp\/v2\/types\/post"}],"author":[{"embeddable":true,"href":"https:\/\/www.solidarnosc.org.pl\/dok\/wp-json\/wp\/v2\/users\/3"}],"replies":[{"embeddable":true,"href":"https:\/\/www.solidarnosc.org.pl\/dok\/wp-json\/wp\/v2\/comments?post=5900"}],"version-history":[{"count":0,"href":"https:\/\/www.solidarnosc.org.pl\/dok\/wp-json\/wp\/v2\/posts\/5900\/revisions"}],"wp:attachment":[{"href":"https:\/\/www.solidarnosc.org.pl\/dok\/wp-json\/wp\/v2\/media?parent=5900"}],"wp:term":[{"taxonomy":"category","embeddable":true,"href":"https:\/\/www.solidarnosc.org.pl\/dok\/wp-json\/wp\/v2\/categories?post=5900"},{"taxonomy":"post_tag","embeddable":true,"href":"https:\/\/www.solidarnosc.org.pl\/dok\/wp-json\/wp\/v2\/tags?post=5900"}],"curies":[{"name":"wp","href":"https:\/\/api.w.org\/{rel}","templated":true}]}}