{"id":5893,"date":"2014-05-07T11:00:00","date_gmt":"2014-05-07T09:00:00","guid":{"rendered":"https:\/\/www.solidarnosc.org.pl\/dok\/?p=5893"},"modified":"2014-05-07T11:00:00","modified_gmt":"2014-05-07T09:00:00","slug":"decyzja-prezydium-kk-nr-101-2014-ws-skreslenie-miedzyzakladowych-komisji-koordynacyjnych-przy-rdlp-z-krajowego-rejestru-mkk","status":"publish","type":"post","link":"https:\/\/www.solidarnosc.org.pl\/dok\/2014\/05\/07\/decyzja-prezydium-kk-nr-101-2014-ws-skreslenie-miedzyzakladowych-komisji-koordynacyjnych-przy-rdlp-z-krajowego-rejestru-mkk\/","title":{"rendered":"Decyzja Prezydium KK nr 101\/2014 ws. skre\u015blenie Mi\u0119dzyzak\u0142adowych Komisji Koordynacyjnych przy RDLP z Krajowego Rejestru MKK"},"content":{"rendered":"<p style=\"margin-left:14.2pt\">\n\tPrezydium Komisji Krajowej NSZZ &bdquo;Solidarno\u015b\u0107&rdquo; dzia\u0142aj\u0105c na mocy uchwa\u0142 KK&nbsp;nr 29\/04 oraz nr 555\/96, w zwi\u0105zku z utworzeniem Mi\u0119dzyregionalnych i Regionalnych Sekcji NSZZ &bdquo;Solidarno\u015b\u0107&rdquo; skre\u015bla z Krajowego Rejestru MKK nast\u0119puj\u0105ce Mi\u0119dzyzak\u0142adowe Komisje Koordynacyjne:<\/p>\n<p style=\"margin-left:50.2pt\">\n\t1.&nbsp;&nbsp;&nbsp;&nbsp; MKK nr 41 przy RDLP w Poznaniu<\/p>\n<p style=\"margin-left:50.2pt\">\n\t2.&nbsp;&nbsp;&nbsp;&nbsp; MKK nr 42 przy RDLP w Kro\u015bnie<\/p>\n<p style=\"margin-left:50.2pt\">\n\t3.&nbsp;&nbsp;&nbsp;&nbsp; MKK nr 43 przy RDLP w Katowicach<\/p>\n<p style=\"margin-left:50.2pt\">\n\t4.&nbsp;&nbsp;&nbsp;&nbsp; MKK nr 45 przy RDLP w Bia\u0142ymstoku<\/p>\n<p style=\"margin-left:50.2pt\">\n\t5.&nbsp;&nbsp;&nbsp;&nbsp; MKK nr 48 przy RDLP w Szczecinie<\/p>\n<p style=\"margin-left:50.2pt\">\n\t6.&nbsp;&nbsp;&nbsp;&nbsp; MKK nr&nbsp;52 przy RDLP w Radomiu<\/p>\n<p>\n\tMKK nr&nbsp;75 przy RDLP w Lublinie<\/p>\n<p><\/p>\n","protected":false},"excerpt":{"rendered":"<p>Prezydium Komisji Krajowej NSZZ &bdquo;Solidarno\u015b\u0107&rdquo; dzia\u0142aj\u0105c na mocy uchwa\u0142 KK&nbsp;nr 29\/04 oraz nr 555\/96, w zwi\u0105zku z utworzeniem Mi\u0119dzyregionalnych i Regionalnych Sekcji NSZZ &bdquo;Solidarno\u015b\u0107&rdquo; skre\u015bla z Krajowego Rejestru MKK nast\u0119puj\u0105ce Mi\u0119dzyzak\u0142adowe Komisje Koordynacyjne: 1.&nbsp;&nbsp;&nbsp;&nbsp; MKK nr 41 przy RDLP w Poznaniu 2.&nbsp;&nbsp;&nbsp;&nbsp; MKK nr 42 przy RDLP w Kro\u015bnie 3.&nbsp;&nbsp;&nbsp;&nbsp; MKK nr 43 przy RDLP [&hellip;]<\/p>\n","protected":false},"author":3,"featured_media":0,"comment_status":"closed","ping_status":"closed","sticky":false,"template":"","format":"standard","meta":{"footnotes":""},"categories":[73,9],"tags":[1186,270,61,536,534],"class_list":["post-5893","post","type-post","status-publish","format-standard","hentry","category-2014prezydium","category-dokprez","tag-101-2014","tag-270","tag-decyzja","tag-decyzja-prezydium","tag-prezydium"],"_links":{"self":[{"href":"https:\/\/www.solidarnosc.org.pl\/dok\/wp-json\/wp\/v2\/posts\/5893","targetHints":{"allow":["GET"]}}],"collection":[{"href":"https:\/\/www.solidarnosc.org.pl\/dok\/wp-json\/wp\/v2\/posts"}],"about":[{"href":"https:\/\/www.solidarnosc.org.pl\/dok\/wp-json\/wp\/v2\/types\/post"}],"author":[{"embeddable":true,"href":"https:\/\/www.solidarnosc.org.pl\/dok\/wp-json\/wp\/v2\/users\/3"}],"replies":[{"embeddable":true,"href":"https:\/\/www.solidarnosc.org.pl\/dok\/wp-json\/wp\/v2\/comments?post=5893"}],"version-history":[{"count":0,"href":"https:\/\/www.solidarnosc.org.pl\/dok\/wp-json\/wp\/v2\/posts\/5893\/revisions"}],"wp:attachment":[{"href":"https:\/\/www.solidarnosc.org.pl\/dok\/wp-json\/wp\/v2\/media?parent=5893"}],"wp:term":[{"taxonomy":"category","embeddable":true,"href":"https:\/\/www.solidarnosc.org.pl\/dok\/wp-json\/wp\/v2\/categories?post=5893"},{"taxonomy":"post_tag","embeddable":true,"href":"https:\/\/www.solidarnosc.org.pl\/dok\/wp-json\/wp\/v2\/tags?post=5893"}],"curies":[{"name":"wp","href":"https:\/\/api.w.org\/{rel}","templated":true}]}}