{"id":5890,"date":"2014-05-07T09:00:00","date_gmt":"2014-05-07T07:00:00","guid":{"rendered":"https:\/\/www.solidarnosc.org.pl\/dok\/?p=5890"},"modified":"2014-05-07T09:00:00","modified_gmt":"2014-05-07T07:00:00","slug":"decyzja-prezydium-kk-nr-99-2014-ws-skresla-mkk-nr-72-w-grupie-spolek-witar-z-krajowego-rejestru-mkk","status":"publish","type":"post","link":"https:\/\/www.solidarnosc.org.pl\/dok\/2014\/05\/07\/decyzja-prezydium-kk-nr-99-2014-ws-skresla-mkk-nr-72-w-grupie-spolek-witar-z-krajowego-rejestru-mkk\/","title":{"rendered":"Decyzja Prezydium KK nr 99\/2014 ws. skre\u015bla MKK nr 72 w Grupie Sp\u00f3\u0142ek Witar z Krajowego  Rejestru MKK"},"content":{"rendered":"<p>\n\tPrezydium Komisji Krajowej NSZZ &bdquo;Solidarno\u015b\u0107&rdquo; dzia\u0142aj\u0105c na mocy uchwa\u0142y KK&nbsp;nr 29\/04, skre\u015bla z Krajowego Rejestru Mi\u0119dzyzak\u0142adow\u0105 Komisj\u0119 Koordynacyjn\u0105 NSZZ &bdquo;Solidarno\u015b\u0107&rdquo; w Grupie Sp&oacute;\u0142ek Witar zarejestrowan\u0105 pod nr 72 w&nbsp;Krajowym Rejestrze MKK, w&nbsp;zwi\u0105zku z zaprzestaniem dzia\u0142alno\u015bci.<\/p>\n<p><\/p>\n","protected":false},"excerpt":{"rendered":"<p>Prezydium Komisji Krajowej NSZZ &bdquo;Solidarno\u015b\u0107&rdquo; dzia\u0142aj\u0105c na mocy uchwa\u0142y KK&nbsp;nr 29\/04, skre\u015bla z Krajowego Rejestru Mi\u0119dzyzak\u0142adow\u0105 Komisj\u0119 Koordynacyjn\u0105 NSZZ &bdquo;Solidarno\u015b\u0107&rdquo; w Grupie Sp&oacute;\u0142ek Witar zarejestrowan\u0105 pod nr 72 w&nbsp;Krajowym Rejestrze MKK, w&nbsp;zwi\u0105zku z zaprzestaniem dzia\u0142alno\u015bci.<\/p>\n","protected":false},"author":3,"featured_media":0,"comment_status":"closed","ping_status":"closed","sticky":false,"template":"","format":"standard","meta":{"footnotes":""},"categories":[73,9],"tags":[270,1184,61,536,534],"class_list":["post-5890","post","type-post","status-publish","format-standard","hentry","category-2014prezydium","category-dokprez","tag-270","tag-99-2014","tag-decyzja","tag-decyzja-prezydium","tag-prezydium"],"_links":{"self":[{"href":"https:\/\/www.solidarnosc.org.pl\/dok\/wp-json\/wp\/v2\/posts\/5890","targetHints":{"allow":["GET"]}}],"collection":[{"href":"https:\/\/www.solidarnosc.org.pl\/dok\/wp-json\/wp\/v2\/posts"}],"about":[{"href":"https:\/\/www.solidarnosc.org.pl\/dok\/wp-json\/wp\/v2\/types\/post"}],"author":[{"embeddable":true,"href":"https:\/\/www.solidarnosc.org.pl\/dok\/wp-json\/wp\/v2\/users\/3"}],"replies":[{"embeddable":true,"href":"https:\/\/www.solidarnosc.org.pl\/dok\/wp-json\/wp\/v2\/comments?post=5890"}],"version-history":[{"count":0,"href":"https:\/\/www.solidarnosc.org.pl\/dok\/wp-json\/wp\/v2\/posts\/5890\/revisions"}],"wp:attachment":[{"href":"https:\/\/www.solidarnosc.org.pl\/dok\/wp-json\/wp\/v2\/media?parent=5890"}],"wp:term":[{"taxonomy":"category","embeddable":true,"href":"https:\/\/www.solidarnosc.org.pl\/dok\/wp-json\/wp\/v2\/categories?post=5890"},{"taxonomy":"post_tag","embeddable":true,"href":"https:\/\/www.solidarnosc.org.pl\/dok\/wp-json\/wp\/v2\/tags?post=5890"}],"curies":[{"name":"wp","href":"https:\/\/api.w.org\/{rel}","templated":true}]}}