{"id":5888,"date":"2014-05-07T08:00:00","date_gmt":"2014-05-07T06:00:00","guid":{"rendered":"https:\/\/www.solidarnosc.org.pl\/dok\/?p=5888"},"modified":"2014-05-07T08:00:00","modified_gmt":"2014-05-07T06:00:00","slug":"decyzja-prezydium-kk-nr-98-2014-ws-wyrejestrowania-krajowej-sekcji-przemyslu-chlodniczego-z-rejestru-krajowych-sekcji-branzowych","status":"publish","type":"post","link":"https:\/\/www.solidarnosc.org.pl\/dok\/2014\/05\/07\/decyzja-prezydium-kk-nr-98-2014-ws-wyrejestrowania-krajowej-sekcji-przemyslu-chlodniczego-z-rejestru-krajowych-sekcji-branzowych\/","title":{"rendered":"Decyzja Prezydium KK nr 98\/2014 ws. wyrejestrowania Krajowej Sekcji Przemys\u0142u Ch\u0142odniczego z Rejestru  Krajowych Sekcji Bran\u017cowych"},"content":{"rendered":"<p>\n\t&nbsp;<\/p>\n<p style=\"margin-left:18.0pt\">\n\t1 &nbsp;Prezydium Komisji Krajowej NSZZ &bdquo;Solidarno\u015b\u0107&rdquo;, dzia\u0142aj\u0105c na podstawie postanowie\u0144&nbsp;&sect; 26 ust. 1 Statutu NSZZ &bdquo;Solidarno\u015b\u0107&rdquo; oraz &sect; 10 ust. 1 uchwa\u0142y nr 4 XIX KZD, zmienionej uchwa\u0142\u0105 nr 4 XX KZD postanawia wykre\u015bli\u0107 z Rejestru &nbsp;Krajowych Sekcji Bran\u017cowych sekcj\u0119 o nazwie: Krajowa Sekcja Przemys\u0142u Ch\u0142odniczego NSZZ &bdquo;Solidarno\u015bci&quot;.<\/p>\n<p style=\"margin-left:18.0pt\">\n\t<span style=\"line-height: 1.5\">2. Uchwa\u0142a wchodzi w \u017cycie z dniem podj\u0119cia.<\/span><\/p>\n<p><\/p>\n","protected":false},"excerpt":{"rendered":"<p>&nbsp; 1 &nbsp;Prezydium Komisji Krajowej NSZZ &bdquo;Solidarno\u015b\u0107&rdquo;, dzia\u0142aj\u0105c na podstawie postanowie\u0144&nbsp;&sect; 26 ust. 1 Statutu NSZZ &bdquo;Solidarno\u015b\u0107&rdquo; oraz &sect; 10 ust. 1 uchwa\u0142y nr 4 XIX KZD, zmienionej uchwa\u0142\u0105 nr 4 XX KZD postanawia wykre\u015bli\u0107 z Rejestru &nbsp;Krajowych Sekcji Bran\u017cowych sekcj\u0119 o nazwie: Krajowa Sekcja Przemys\u0142u Ch\u0142odniczego NSZZ &bdquo;Solidarno\u015bci&quot;. 2. Uchwa\u0142a wchodzi w \u017cycie z [&hellip;]<\/p>\n","protected":false},"author":3,"featured_media":0,"comment_status":"closed","ping_status":"closed","sticky":false,"template":"","format":"standard","meta":{"footnotes":""},"categories":[73,9],"tags":[270,1183,61,536,534],"class_list":["post-5888","post","type-post","status-publish","format-standard","hentry","category-2014prezydium","category-dokprez","tag-270","tag-98-2014","tag-decyzja","tag-decyzja-prezydium","tag-prezydium"],"_links":{"self":[{"href":"https:\/\/www.solidarnosc.org.pl\/dok\/wp-json\/wp\/v2\/posts\/5888","targetHints":{"allow":["GET"]}}],"collection":[{"href":"https:\/\/www.solidarnosc.org.pl\/dok\/wp-json\/wp\/v2\/posts"}],"about":[{"href":"https:\/\/www.solidarnosc.org.pl\/dok\/wp-json\/wp\/v2\/types\/post"}],"author":[{"embeddable":true,"href":"https:\/\/www.solidarnosc.org.pl\/dok\/wp-json\/wp\/v2\/users\/3"}],"replies":[{"embeddable":true,"href":"https:\/\/www.solidarnosc.org.pl\/dok\/wp-json\/wp\/v2\/comments?post=5888"}],"version-history":[{"count":0,"href":"https:\/\/www.solidarnosc.org.pl\/dok\/wp-json\/wp\/v2\/posts\/5888\/revisions"}],"wp:attachment":[{"href":"https:\/\/www.solidarnosc.org.pl\/dok\/wp-json\/wp\/v2\/media?parent=5888"}],"wp:term":[{"taxonomy":"category","embeddable":true,"href":"https:\/\/www.solidarnosc.org.pl\/dok\/wp-json\/wp\/v2\/categories?post=5888"},{"taxonomy":"post_tag","embeddable":true,"href":"https:\/\/www.solidarnosc.org.pl\/dok\/wp-json\/wp\/v2\/tags?post=5888"}],"curies":[{"name":"wp","href":"https:\/\/api.w.org\/{rel}","templated":true}]}}