{"id":5884,"date":"2014-05-06T22:00:00","date_gmt":"2014-05-06T20:00:00","guid":{"rendered":"https:\/\/www.solidarnosc.org.pl\/dok\/?p=5884"},"modified":"2014-05-06T22:00:00","modified_gmt":"2014-05-06T20:00:00","slug":"decyzja-prezydium-kk-nr-96-2014-ws-przygotowania-i-zlozenia-projektu-pod-roboczym-tytulem-europejskie-rady-zakladowe-ewaluacja-ich-funkcjonowania-i-powstawania-w-4-krajach-ue","status":"publish","type":"post","link":"https:\/\/www.solidarnosc.org.pl\/dok\/2014\/05\/06\/decyzja-prezydium-kk-nr-96-2014-ws-przygotowania-i-zlozenia-projektu-pod-roboczym-tytulem-europejskie-rady-zakladowe-ewaluacja-ich-funkcjonowania-i-powstawania-w-4-krajach-ue\/","title":{"rendered":"Decyzja Prezydium KK nr 96\/2014  ws. przygotowania i z\u0142o\u017cenia projektu pod roboczym tytu\u0142em \u201eEuropejskie Rady Zak\u0142adowe \u2013 ewaluacja ich funkcjonowania i powstawania w 4 krajach UE\u201d"},"content":{"rendered":"<p>\n\tPrezydium Komisji Krajowej NSZZ &bdquo;Solidarno\u015b\u0107&rdquo; wyra\u017ca zgod\u0119 na przygotowanie&nbsp;i realizacj\u0119 projektu roboczo zatytu\u0142owanego &bdquo;Europejskie Rady Zak\u0142adowe &ndash; ewaluacja ich funkcjonowania i powstawania w 4 krajach UE&rdquo;przedk\u0142adanego Komisji Europejskiej&nbsp;w ramach linii bud\u017cetowej 04030106 &#8211; &bdquo;Informacja, konsultacja i udzia\u0142 przedstawicieli przedsi\u0119biorstw&rdquo;.<\/p>\n<p><\/p>\n","protected":false},"excerpt":{"rendered":"<p>Prezydium Komisji Krajowej NSZZ &bdquo;Solidarno\u015b\u0107&rdquo; wyra\u017ca zgod\u0119 na przygotowanie&nbsp;i realizacj\u0119 projektu roboczo zatytu\u0142owanego &bdquo;Europejskie Rady Zak\u0142adowe &ndash; ewaluacja ich funkcjonowania i powstawania w 4 krajach UE&rdquo;przedk\u0142adanego Komisji Europejskiej&nbsp;w ramach linii bud\u017cetowej 04030106 &#8211; &bdquo;Informacja, konsultacja i udzia\u0142 przedstawicieli przedsi\u0119biorstw&rdquo;.<\/p>\n","protected":false},"author":3,"featured_media":0,"comment_status":"closed","ping_status":"closed","sticky":false,"template":"","format":"standard","meta":{"footnotes":""},"categories":[73,9],"tags":[270,1181,61,536,534],"class_list":["post-5884","post","type-post","status-publish","format-standard","hentry","category-2014prezydium","category-dokprez","tag-270","tag-96-2014","tag-decyzja","tag-decyzja-prezydium","tag-prezydium"],"_links":{"self":[{"href":"https:\/\/www.solidarnosc.org.pl\/dok\/wp-json\/wp\/v2\/posts\/5884","targetHints":{"allow":["GET"]}}],"collection":[{"href":"https:\/\/www.solidarnosc.org.pl\/dok\/wp-json\/wp\/v2\/posts"}],"about":[{"href":"https:\/\/www.solidarnosc.org.pl\/dok\/wp-json\/wp\/v2\/types\/post"}],"author":[{"embeddable":true,"href":"https:\/\/www.solidarnosc.org.pl\/dok\/wp-json\/wp\/v2\/users\/3"}],"replies":[{"embeddable":true,"href":"https:\/\/www.solidarnosc.org.pl\/dok\/wp-json\/wp\/v2\/comments?post=5884"}],"version-history":[{"count":0,"href":"https:\/\/www.solidarnosc.org.pl\/dok\/wp-json\/wp\/v2\/posts\/5884\/revisions"}],"wp:attachment":[{"href":"https:\/\/www.solidarnosc.org.pl\/dok\/wp-json\/wp\/v2\/media?parent=5884"}],"wp:term":[{"taxonomy":"category","embeddable":true,"href":"https:\/\/www.solidarnosc.org.pl\/dok\/wp-json\/wp\/v2\/categories?post=5884"},{"taxonomy":"post_tag","embeddable":true,"href":"https:\/\/www.solidarnosc.org.pl\/dok\/wp-json\/wp\/v2\/tags?post=5884"}],"curies":[{"name":"wp","href":"https:\/\/api.w.org\/{rel}","templated":true}]}}