{"id":5879,"date":"2014-04-14T22:00:07","date_gmt":"2014-04-14T20:00:07","guid":{"rendered":"https:\/\/www.solidarnosc.org.pl\/dok\/?p=5879"},"modified":"2014-04-14T22:00:07","modified_gmt":"2014-04-14T20:00:07","slug":"decyzja-prezydium-kk-nr-93-2014-ws-wykreslenia-mkk-pge-dystrybucja-s-a-oddzial-skarzysko-kamienne-z-rejestru","status":"publish","type":"post","link":"https:\/\/www.solidarnosc.org.pl\/dok\/2014\/04\/14\/decyzja-prezydium-kk-nr-93-2014-ws-wykreslenia-mkk-pge-dystrybucja-s-a-oddzial-skarzysko-kamienne-z-rejestru\/","title":{"rendered":"Decyzja Prezydium KK nr 93\/2014 ws. wykre\u015blenia MKK PGE Dystrybucja S.A. Oddzia\u0142 Skar\u017cysko-Kamienne z rejestru"},"content":{"rendered":"<p>\n\tPrezydium KK dzia\u0142aj\u0105c na mocy uchwa\u0142y KK nr 29\/04 oraz nr 555\/96, w zwi\u0105zku&nbsp;z utworzeniem jednej organizacji zwi\u0105zkowej w PGE Dystrybucja S.A. Oddzia\u0142 Skar\u017cysko-Kamienne skre\u015bla z rejestru Mi\u0119dzyzak\u0142adow\u0105 Komisj\u0119 Koordynacyjn\u0105 PGE Dystrybucja S.A. Oddzia\u0142 Skar\u017cysko-Kamienne zarejestrowan\u0105 pod nr 23 w Krajowym Rejestrze MKK.<\/p>\n<p><\/p>\n","protected":false},"excerpt":{"rendered":"<p>Prezydium KK dzia\u0142aj\u0105c na mocy uchwa\u0142y KK nr 29\/04 oraz nr 555\/96, w zwi\u0105zku&nbsp;z utworzeniem jednej organizacji zwi\u0105zkowej w PGE Dystrybucja S.A. Oddzia\u0142 Skar\u017cysko-Kamienne skre\u015bla z rejestru Mi\u0119dzyzak\u0142adow\u0105 Komisj\u0119 Koordynacyjn\u0105 PGE Dystrybucja S.A. Oddzia\u0142 Skar\u017cysko-Kamienne zarejestrowan\u0105 pod nr 23 w Krajowym Rejestrze MKK.<\/p>\n","protected":false},"author":3,"featured_media":0,"comment_status":"closed","ping_status":"closed","sticky":false,"template":"","format":"standard","meta":{"footnotes":""},"categories":[73,9],"tags":[270,1178,61,536,534],"class_list":["post-5879","post","type-post","status-publish","format-standard","hentry","category-2014prezydium","category-dokprez","tag-270","tag-93-2014","tag-decyzja","tag-decyzja-prezydium","tag-prezydium"],"_links":{"self":[{"href":"https:\/\/www.solidarnosc.org.pl\/dok\/wp-json\/wp\/v2\/posts\/5879","targetHints":{"allow":["GET"]}}],"collection":[{"href":"https:\/\/www.solidarnosc.org.pl\/dok\/wp-json\/wp\/v2\/posts"}],"about":[{"href":"https:\/\/www.solidarnosc.org.pl\/dok\/wp-json\/wp\/v2\/types\/post"}],"author":[{"embeddable":true,"href":"https:\/\/www.solidarnosc.org.pl\/dok\/wp-json\/wp\/v2\/users\/3"}],"replies":[{"embeddable":true,"href":"https:\/\/www.solidarnosc.org.pl\/dok\/wp-json\/wp\/v2\/comments?post=5879"}],"version-history":[{"count":0,"href":"https:\/\/www.solidarnosc.org.pl\/dok\/wp-json\/wp\/v2\/posts\/5879\/revisions"}],"wp:attachment":[{"href":"https:\/\/www.solidarnosc.org.pl\/dok\/wp-json\/wp\/v2\/media?parent=5879"}],"wp:term":[{"taxonomy":"category","embeddable":true,"href":"https:\/\/www.solidarnosc.org.pl\/dok\/wp-json\/wp\/v2\/categories?post=5879"},{"taxonomy":"post_tag","embeddable":true,"href":"https:\/\/www.solidarnosc.org.pl\/dok\/wp-json\/wp\/v2\/tags?post=5879"}],"curies":[{"name":"wp","href":"https:\/\/api.w.org\/{rel}","templated":true}]}}