{"id":5812,"date":"2014-03-05T00:00:00","date_gmt":"2014-03-04T23:00:00","guid":{"rendered":"https:\/\/www.solidarnosc.org.pl\/dok\/?p=5812"},"modified":"2014-03-05T00:00:00","modified_gmt":"2014-03-04T23:00:00","slug":"decyzja-prezydium-kk-nr-62-2014-ws-opinii-o-projekcie-rozporzadzenia-ministra-rolnictwa-i-rozwoju-wsi-zmieniajacego-rozporzadzenie-w-sprawie-okreslenia-wysokosci-jednorazowego-odszkodowania-z-tytulu-w","status":"publish","type":"post","link":"https:\/\/www.solidarnosc.org.pl\/dok\/2014\/03\/05\/decyzja-prezydium-kk-nr-62-2014-ws-opinii-o-projekcie-rozporzadzenia-ministra-rolnictwa-i-rozwoju-wsi-zmieniajacego-rozporzadzenie-w-sprawie-okreslenia-wysokosci-jednorazowego-odszkodowania-z-tytulu-w\/","title":{"rendered":"Decyzja Prezydium KK nr 62\/2014 ws. opinii o projekcie rozporz\u0105dzenia Ministra Rolnictwa i Rozwoju Wsi zmieniaj\u0105cego rozporz\u0105dzenie w sprawie okre\u015blenia wysoko\u015bci jednorazowego odszkodowania z tytu\u0142u wypadku przy pracy rolniczej lub rolniczej choroby"},"content":{"rendered":"<p>\n\tPrezydium Komisji Krajowej NSZZ &bdquo;Solidarno\u015b\u0107&rdquo; nie wnosi uwag do projektu rozporz\u0105dzenia Ministra Rolnictwa i Rozwoju Wsizmieniaj\u0105cego rozporz\u0105dzenie&nbsp;w sprawie <em>okre\u015blenia wysoko\u015bci jednorazowego odszkodowania z tytu\u0142u wypadku przy pracy rolniczej lub rolniczej choroby zawodowej oraz zasi\u0142ku chorobowego<\/em><\/p>\n<p><\/p>\n","protected":false},"excerpt":{"rendered":"<p>Prezydium Komisji Krajowej NSZZ &bdquo;Solidarno\u015b\u0107&rdquo; nie wnosi uwag do projektu rozporz\u0105dzenia Ministra Rolnictwa i Rozwoju Wsizmieniaj\u0105cego rozporz\u0105dzenie&nbsp;w sprawie okre\u015blenia wysoko\u015bci jednorazowego odszkodowania z tytu\u0142u wypadku przy pracy rolniczej lub rolniczej choroby zawodowej oraz zasi\u0142ku chorobowego<\/p>\n","protected":false},"author":3,"featured_media":0,"comment_status":"closed","ping_status":"closed","sticky":false,"template":"","format":"standard","meta":{"footnotes":""},"categories":[73,9],"tags":[270,1147,61,536,534],"class_list":["post-5812","post","type-post","status-publish","format-standard","hentry","category-2014prezydium","category-dokprez","tag-270","tag-62-2014","tag-decyzja","tag-decyzja-prezydium","tag-prezydium"],"_links":{"self":[{"href":"https:\/\/www.solidarnosc.org.pl\/dok\/wp-json\/wp\/v2\/posts\/5812","targetHints":{"allow":["GET"]}}],"collection":[{"href":"https:\/\/www.solidarnosc.org.pl\/dok\/wp-json\/wp\/v2\/posts"}],"about":[{"href":"https:\/\/www.solidarnosc.org.pl\/dok\/wp-json\/wp\/v2\/types\/post"}],"author":[{"embeddable":true,"href":"https:\/\/www.solidarnosc.org.pl\/dok\/wp-json\/wp\/v2\/users\/3"}],"replies":[{"embeddable":true,"href":"https:\/\/www.solidarnosc.org.pl\/dok\/wp-json\/wp\/v2\/comments?post=5812"}],"version-history":[{"count":0,"href":"https:\/\/www.solidarnosc.org.pl\/dok\/wp-json\/wp\/v2\/posts\/5812\/revisions"}],"wp:attachment":[{"href":"https:\/\/www.solidarnosc.org.pl\/dok\/wp-json\/wp\/v2\/media?parent=5812"}],"wp:term":[{"taxonomy":"category","embeddable":true,"href":"https:\/\/www.solidarnosc.org.pl\/dok\/wp-json\/wp\/v2\/categories?post=5812"},{"taxonomy":"post_tag","embeddable":true,"href":"https:\/\/www.solidarnosc.org.pl\/dok\/wp-json\/wp\/v2\/tags?post=5812"}],"curies":[{"name":"wp","href":"https:\/\/api.w.org\/{rel}","templated":true}]}}