{"id":5766,"date":"2014-01-28T06:35:36","date_gmt":"2014-01-28T05:35:36","guid":{"rendered":"https:\/\/www.solidarnosc.org.pl\/dok\/?p=5766"},"modified":"2024-10-15T15:05:16","modified_gmt":"2024-10-15T13:05:16","slug":"uchwala-kk-nr-4-2014-ws-zmian-w-statucie-ecs","status":"publish","type":"post","link":"https:\/\/www.solidarnosc.org.pl\/dok\/2014\/01\/28\/uchwala-kk-nr-4-2014-ws-zmian-w-statucie-ecs\/","title":{"rendered":"Uchwa\u0142a KK nr 4\/2014 ws. zmian w Statucie ECS"},"content":{"rendered":"<p style=\"text-align: justify;\">Komisja Krajowa NSZZ \u201eSolidarno\u015b\u0107\u201d, dzia\u0142aj\u0105c na podstawie \u00a7 27 ust. 2 Statutu ECS, nie wyra\u017ca zgody na wprowadzenie do Statutu Europejskiego Centrum Solidarno\u015bci w Gda\u0144sku zmiany polegaj\u0105cej na nadaniu w \u00a7 15 ust\u0119powi 1 brzmienia:<\/p>\n<p style=\"text-align: justify;\">\u201e1. Rada Europejskiego Centrum Solidarno\u015bci wybiera ze swego grona przewodnicz\u0105cego, jego zast\u0119pc\u0119 i sekretarza. <em>Rada mo\u017ce r\u00f3wnie\u017c powo\u0142a\u0107 Honorowego Przewodnicz\u0105cego Rady ECS, kt\u00f3ry sprawuje funkcj\u0119 tytularn\u0105\u201d.<\/em><\/p>\n","protected":false},"excerpt":{"rendered":"<p>Komisja Krajowa NSZZ \u201eSolidarno\u015b\u0107\u201d, dzia\u0142aj\u0105c na podstawie \u00a7 27 ust. 2 Statutu ECS, nie wyra\u017ca zgody na wprowadzenie do Statutu Europejskiego Centrum Solidarno\u015bci w Gda\u0144sku zmiany polegaj\u0105cej na nadaniu w \u00a7 15 ust\u0119powi 1 brzmienia: \u201e1. Rada Europejskiego Centrum Solidarno\u015bci wybiera ze swego grona przewodnicz\u0105cego, jego zast\u0119pc\u0119 i sekretarza. Rada mo\u017ce r\u00f3wnie\u017c powo\u0142a\u0107 Honorowego Przewodnicz\u0105cego [&hellip;]<\/p>\n","protected":false},"author":3,"featured_media":0,"comment_status":"closed","ping_status":"closed","sticky":false,"template":"","format":"standard","meta":{"footnotes":""},"categories":[72,8],"tags":[270,274,98,62,102],"class_list":["post-5766","post","type-post","status-publish","format-standard","hentry","category-2014kk","category-dokkk","tag-270","tag-4-2014","tag-kk","tag-uchwala","tag-uchwala-kk"],"_links":{"self":[{"href":"https:\/\/www.solidarnosc.org.pl\/dok\/wp-json\/wp\/v2\/posts\/5766","targetHints":{"allow":["GET"]}}],"collection":[{"href":"https:\/\/www.solidarnosc.org.pl\/dok\/wp-json\/wp\/v2\/posts"}],"about":[{"href":"https:\/\/www.solidarnosc.org.pl\/dok\/wp-json\/wp\/v2\/types\/post"}],"author":[{"embeddable":true,"href":"https:\/\/www.solidarnosc.org.pl\/dok\/wp-json\/wp\/v2\/users\/3"}],"replies":[{"embeddable":true,"href":"https:\/\/www.solidarnosc.org.pl\/dok\/wp-json\/wp\/v2\/comments?post=5766"}],"version-history":[{"count":1,"href":"https:\/\/www.solidarnosc.org.pl\/dok\/wp-json\/wp\/v2\/posts\/5766\/revisions"}],"predecessor-version":[{"id":12646,"href":"https:\/\/www.solidarnosc.org.pl\/dok\/wp-json\/wp\/v2\/posts\/5766\/revisions\/12646"}],"wp:attachment":[{"href":"https:\/\/www.solidarnosc.org.pl\/dok\/wp-json\/wp\/v2\/media?parent=5766"}],"wp:term":[{"taxonomy":"category","embeddable":true,"href":"https:\/\/www.solidarnosc.org.pl\/dok\/wp-json\/wp\/v2\/categories?post=5766"},{"taxonomy":"post_tag","embeddable":true,"href":"https:\/\/www.solidarnosc.org.pl\/dok\/wp-json\/wp\/v2\/tags?post=5766"}],"curies":[{"name":"wp","href":"https:\/\/api.w.org\/{rel}","templated":true}]}}