{"id":5743,"date":"2014-01-28T06:21:33","date_gmt":"2014-01-28T05:21:33","guid":{"rendered":"https:\/\/www.solidarnosc.org.pl\/dok\/?p=5743"},"modified":"2014-01-28T06:21:33","modified_gmt":"2014-01-28T05:21:33","slug":"decyzja-prezydium-kk-nr-24-2014-ws-wyrazenia-zgody-na-podpisanie-addendum-do-ukladu-zbiorowego-pracy-nms-nszz-solidarnosc-chipolbrok-itf-tcc-cba","status":"publish","type":"post","link":"https:\/\/www.solidarnosc.org.pl\/dok\/2014\/01\/28\/decyzja-prezydium-kk-nr-24-2014-ws-wyrazenia-zgody-na-podpisanie-addendum-do-ukladu-zbiorowego-pracy-nms-nszz-solidarnosc-chipolbrok-itf-tcc-cba\/","title":{"rendered":"Decyzja Prezydium KK  nr 24\/2014 ws. wyra\u017cenia zgody na podpisanie Addendum do uk\u0142adu zbiorowego pracy  NMS NSZZ \u201eSolidarno\u015b\u0107\u201d \u2013 Chipolbrok\/ ITF TCC CBA"},"content":{"rendered":"<p>\n\tPrezydium Komisji Krajowej NSZZ &bdquo;Solidarno\u015b\u0107&rdquo; wyra\u017ca zgod\u0119 na podpisanie Addendum do uk\u0142adu zbiorowego pracy NMS NSZZ &bdquo;Solidarno\u015b\u0107&rdquo; &ndash; Chipolbrok\/ ITF TCC CBA, dotycz\u0105cego nowego formularza umowy o prac\u0119 zgodnie z wymogami Konwencji Mi\u0119dzynarodowej Organizacji Pracy o Pracy na Morzu (MLC).<\/p>\n<p>\n\tJednocze\u015bnie Prezydium KK upowa\u017cnia Bogdana Kubiaka oraz Andrzeja Ko\u015bcika do podpisania&nbsp; wy\u017cej wymienionego Addendum.<\/p>\n<p><\/p>\n","protected":false},"excerpt":{"rendered":"<p>Prezydium Komisji Krajowej NSZZ &bdquo;Solidarno\u015b\u0107&rdquo; wyra\u017ca zgod\u0119 na podpisanie Addendum do uk\u0142adu zbiorowego pracy NMS NSZZ &bdquo;Solidarno\u015b\u0107&rdquo; &ndash; Chipolbrok\/ ITF TCC CBA, dotycz\u0105cego nowego formularza umowy o prac\u0119 zgodnie z wymogami Konwencji Mi\u0119dzynarodowej Organizacji Pracy o Pracy na Morzu (MLC). Jednocze\u015bnie Prezydium KK upowa\u017cnia Bogdana Kubiaka oraz Andrzeja Ko\u015bcika do podpisania&nbsp; wy\u017cej wymienionego Addendum.<\/p>\n","protected":false},"author":3,"featured_media":0,"comment_status":"closed","ping_status":"closed","sticky":false,"template":"","format":"standard","meta":{"footnotes":""},"categories":[73,9],"tags":[270,298,61,536,534],"class_list":["post-5743","post","type-post","status-publish","format-standard","hentry","category-2014prezydium","category-dokprez","tag-270","tag-24-2014","tag-decyzja","tag-decyzja-prezydium","tag-prezydium"],"_links":{"self":[{"href":"https:\/\/www.solidarnosc.org.pl\/dok\/wp-json\/wp\/v2\/posts\/5743","targetHints":{"allow":["GET"]}}],"collection":[{"href":"https:\/\/www.solidarnosc.org.pl\/dok\/wp-json\/wp\/v2\/posts"}],"about":[{"href":"https:\/\/www.solidarnosc.org.pl\/dok\/wp-json\/wp\/v2\/types\/post"}],"author":[{"embeddable":true,"href":"https:\/\/www.solidarnosc.org.pl\/dok\/wp-json\/wp\/v2\/users\/3"}],"replies":[{"embeddable":true,"href":"https:\/\/www.solidarnosc.org.pl\/dok\/wp-json\/wp\/v2\/comments?post=5743"}],"version-history":[{"count":0,"href":"https:\/\/www.solidarnosc.org.pl\/dok\/wp-json\/wp\/v2\/posts\/5743\/revisions"}],"wp:attachment":[{"href":"https:\/\/www.solidarnosc.org.pl\/dok\/wp-json\/wp\/v2\/media?parent=5743"}],"wp:term":[{"taxonomy":"category","embeddable":true,"href":"https:\/\/www.solidarnosc.org.pl\/dok\/wp-json\/wp\/v2\/categories?post=5743"},{"taxonomy":"post_tag","embeddable":true,"href":"https:\/\/www.solidarnosc.org.pl\/dok\/wp-json\/wp\/v2\/tags?post=5743"}],"curies":[{"name":"wp","href":"https:\/\/api.w.org\/{rel}","templated":true}]}}