{"id":5733,"date":"2014-01-21T11:01:31","date_gmt":"2014-01-21T10:01:31","guid":{"rendered":"https:\/\/www.solidarnosc.org.pl\/dok\/?p=5733"},"modified":"2014-01-21T11:01:31","modified_gmt":"2014-01-21T10:01:31","slug":"decyzja-prezydium-kk-nr-18-2014-ws-opinii-do-projektu-rozporzadzenia-ministra-gospodarki-w-sprawie-obliczania-koncowego-zuzycia-energii-brutto-ze-zrodel-odnawialnych","status":"publish","type":"post","link":"https:\/\/www.solidarnosc.org.pl\/dok\/2014\/01\/21\/decyzja-prezydium-kk-nr-18-2014-ws-opinii-do-projektu-rozporzadzenia-ministra-gospodarki-w-sprawie-obliczania-koncowego-zuzycia-energii-brutto-ze-zrodel-odnawialnych\/","title":{"rendered":"Decyzja Prezydium KK  nr 18\/2014 ws. opinii do projektu rozporz\u0105dzenia Ministra Gospodarki w sprawie  obliczania ko\u0144cowego zu\u017cycia energii brutto ze \u017ar\u00f3de\u0142 odnawialnych"},"content":{"rendered":"<p style=\"margin:0cm;margin-bottom:.0001pt;text-align:justify;text-indent:35.4pt;line-height:150%\">\n\tPrezydium Komisji Krajowej NSZZ Solidarno\u015b\u0107 nie wnosi uwag do projektu rozporz\u0105dzenia Ministra Gospodarki <i>w sprawie <\/i><i>obliczania ko\u0144cowego zu\u017cycia energii brutto ze \u017ar&oacute;de\u0142 odnawialnych<\/i>.<\/p>\n<p style=\"margin:0cm;margin-bottom:.0001pt;text-align:justify;text-indent:35.4pt;line-height:150%\">\n\t&nbsp;Jak wyja\u015bniono w uzasadnieniu przes\u0142anym wraz z wnioskiem, projektowane rozporz\u0105dzenie ma na celu wdro\u017cenie dyrektywy Parlamentu Europejskiego i Rady 2009\/28\/WE z&nbsp;dnia 23 kwietnia 2009 r. w sprawie promowania stosowania energii ze \u017ar&oacute;de\u0142 odnawialnych zmieniaj\u0105cej i w nast\u0119pstwie uchylaj\u0105cej dyrektywy 2001\/77\/WE oraz 2003\/30\/WE (Dz. Urz. UE L 140 z 05.06.2009 r., str. 16). Stanowi ono uzupe\u0142nienie norm prawa energetycznego, kt&oacute;re w 2013 r. zmieniono ustaw\u0105 z dnia 26 lipca 2013 r. <i>o&nbsp;zmianie ustawy &#8211; Prawo energetyczne oraz niekt&oacute;rych innych ustaw <\/i>(Dz. U. z 2013 r., poz. 984), kt&oacute;rych celem by\u0142a implementacja postanowie\u0144 ww. dyrektywy. Tym samym przedmiotowe rozporz\u0105dzenie ma charakter stricte techniczny.&nbsp;<\/p>\n<p><\/p>\n","protected":false},"excerpt":{"rendered":"<p>Prezydium Komisji Krajowej NSZZ Solidarno\u015b\u0107 nie wnosi uwag do projektu rozporz\u0105dzenia Ministra Gospodarki w sprawie obliczania ko\u0144cowego zu\u017cycia energii brutto ze \u017ar&oacute;de\u0142 odnawialnych. &nbsp;Jak wyja\u015bniono w uzasadnieniu przes\u0142anym wraz z wnioskiem, projektowane rozporz\u0105dzenie ma na celu wdro\u017cenie dyrektywy Parlamentu Europejskiego i Rady 2009\/28\/WE z&nbsp;dnia 23 kwietnia 2009 r. w sprawie promowania stosowania energii ze \u017ar&oacute;de\u0142 [&hellip;]<\/p>\n","protected":false},"author":3,"featured_media":0,"comment_status":"closed","ping_status":"closed","sticky":false,"template":"","format":"standard","meta":{"footnotes":""},"categories":[73,9],"tags":[291,270,61,536,534],"class_list":["post-5733","post","type-post","status-publish","format-standard","hentry","category-2014prezydium","category-dokprez","tag-18-2014","tag-270","tag-decyzja","tag-decyzja-prezydium","tag-prezydium"],"_links":{"self":[{"href":"https:\/\/www.solidarnosc.org.pl\/dok\/wp-json\/wp\/v2\/posts\/5733","targetHints":{"allow":["GET"]}}],"collection":[{"href":"https:\/\/www.solidarnosc.org.pl\/dok\/wp-json\/wp\/v2\/posts"}],"about":[{"href":"https:\/\/www.solidarnosc.org.pl\/dok\/wp-json\/wp\/v2\/types\/post"}],"author":[{"embeddable":true,"href":"https:\/\/www.solidarnosc.org.pl\/dok\/wp-json\/wp\/v2\/users\/3"}],"replies":[{"embeddable":true,"href":"https:\/\/www.solidarnosc.org.pl\/dok\/wp-json\/wp\/v2\/comments?post=5733"}],"version-history":[{"count":0,"href":"https:\/\/www.solidarnosc.org.pl\/dok\/wp-json\/wp\/v2\/posts\/5733\/revisions"}],"wp:attachment":[{"href":"https:\/\/www.solidarnosc.org.pl\/dok\/wp-json\/wp\/v2\/media?parent=5733"}],"wp:term":[{"taxonomy":"category","embeddable":true,"href":"https:\/\/www.solidarnosc.org.pl\/dok\/wp-json\/wp\/v2\/categories?post=5733"},{"taxonomy":"post_tag","embeddable":true,"href":"https:\/\/www.solidarnosc.org.pl\/dok\/wp-json\/wp\/v2\/tags?post=5733"}],"curies":[{"name":"wp","href":"https:\/\/api.w.org\/{rel}","templated":true}]}}