{"id":5731,"date":"2014-01-16T06:31:18","date_gmt":"2014-01-16T05:31:18","guid":{"rendered":"https:\/\/www.solidarnosc.org.pl\/dok\/?p=5731"},"modified":"2014-01-16T06:31:18","modified_gmt":"2014-01-16T05:31:18","slug":"decyzja-prezydium-kk-nr-17-2014-ws-opinii-o-komunikacie-ke-dot-zalecania-rady-ws-ram-jakosci-dla-stazy-com-2013-857","status":"publish","type":"post","link":"https:\/\/www.solidarnosc.org.pl\/dok\/2014\/01\/16\/decyzja-prezydium-kk-nr-17-2014-ws-opinii-o-komunikacie-ke-dot-zalecania-rady-ws-ram-jakosci-dla-stazy-com-2013-857\/","title":{"rendered":"Decyzja Prezydium KK nr 17\/2014 ws. opinii o Komunikacie KE  dot. Zalecania Rady ws. ram jako\u015bci dla sta\u017cy COM(2013) 857"},"content":{"rendered":"<p>\n\tPrezydium KK NSZZ &bdquo;Solidarno\u015b\u0107&rdquo; pozytywnie opiniuje <em>Wniosek &ndash; Zalecenie Rady<br \/>\n\tw sprawie ram jako\u015bci dla sta\u017cy &#8211; <\/em>COM (2013) 857. Wszystkie cele opisane w ramach wniosku s\u0105 s\u0142uszne i zmierzaj\u0105 w konsekwencji do poprawy jako\u015bci i wzrostu zatrudnienia os&oacute;b m\u0142odych.<\/p>\n<p>\n\tSta\u017ce powinny prowadzi\u0107 do \u0142atwego dost\u0119pu do zatrudnienia, jednak\u017ce w tym celu musz\u0105 zapewnia\u0107 wysokiej jako\u015bci standardy, a zw\u0142aszcza odpowiednie warunki pracy.<br \/>\n\tW Polsce obecnie sta\u017ce stanowi\u0105 bardzo cz\u0119sto dla pracodawc&oacute;w zast\u0119pcz\u0105 mo\u017cliwo\u015b\u0107 pozyskiwania os&oacute;b do pracy niskim kosztem. Co wi\u0119cej bezp\u0142atne b\u0105d\u017a ra\u017c\u0105co nisko p\u0142atne sta\u017ce s\u0105 bezkonkurencyjne wobec zatrudnienia pracownik&oacute;w na pe\u0142ny etat. Jest to zjawisko powszechne i niedopuszczalne, kt&oacute;re powinno zosta\u0107 bezwzgl\u0119dnie wyeliminowane, jako<br \/>\n\t\u017ce nie tylko przyczynia si\u0119 do niskiego wska\u017anika zatrudnienia m\u0142odych, ale og&oacute;lnie ma negatywny wp\u0142yw na ten\u017ce wska\u017anik we wszystkich grupach wiekowych &#8211; bez wzgl\u0119du<br \/>\n\tna p\u0142e\u0107.<\/p>\n<p>\n\tOdnosz\u0105c si\u0119 do wniosku Rady oraz maj\u0105c na uwadze powy\u017csze w warunkach polskich konieczne jest przede wszystkim wprowadzenie sta\u0142ego nadzoru publicznych s\u0142u\u017cb zatrudnienia nad sta\u017cystami, w tym weryfikacja zada\u0144 im powierzanych przez pracodawc&oacute;w<br \/>\n\ti wykonanych oraz zapewnienie ci\u0105g\u0142o\u015bci finansowania dzia\u0142a\u0144 na rzecz os&oacute;b poszukuj\u0105cych pracy, uwzgl\u0119dniaj\u0105cego \u015brodki Europejskiego Funduszu Spo\u0142ecznego. &nbsp;<\/p>\n<p><\/p>\n","protected":false},"excerpt":{"rendered":"<p>Prezydium KK NSZZ &bdquo;Solidarno\u015b\u0107&rdquo; pozytywnie opiniuje Wniosek &ndash; Zalecenie Rady w sprawie ram jako\u015bci dla sta\u017cy &#8211; COM (2013) 857. Wszystkie cele opisane w ramach wniosku s\u0105 s\u0142uszne i zmierzaj\u0105 w konsekwencji do poprawy jako\u015bci i wzrostu zatrudnienia os&oacute;b m\u0142odych. Sta\u017ce powinny prowadzi\u0107 do \u0142atwego dost\u0119pu do zatrudnienia, jednak\u017ce w tym celu musz\u0105 zapewnia\u0107 wysokiej [&hellip;]<\/p>\n","protected":false},"author":3,"featured_media":0,"comment_status":"closed","ping_status":"closed","sticky":false,"template":"","format":"standard","meta":{"footnotes":""},"categories":[73,9],"tags":[290,270,61,536,534],"class_list":["post-5731","post","type-post","status-publish","format-standard","hentry","category-2014prezydium","category-dokprez","tag-17-2014","tag-270","tag-decyzja","tag-decyzja-prezydium","tag-prezydium"],"_links":{"self":[{"href":"https:\/\/www.solidarnosc.org.pl\/dok\/wp-json\/wp\/v2\/posts\/5731","targetHints":{"allow":["GET"]}}],"collection":[{"href":"https:\/\/www.solidarnosc.org.pl\/dok\/wp-json\/wp\/v2\/posts"}],"about":[{"href":"https:\/\/www.solidarnosc.org.pl\/dok\/wp-json\/wp\/v2\/types\/post"}],"author":[{"embeddable":true,"href":"https:\/\/www.solidarnosc.org.pl\/dok\/wp-json\/wp\/v2\/users\/3"}],"replies":[{"embeddable":true,"href":"https:\/\/www.solidarnosc.org.pl\/dok\/wp-json\/wp\/v2\/comments?post=5731"}],"version-history":[{"count":0,"href":"https:\/\/www.solidarnosc.org.pl\/dok\/wp-json\/wp\/v2\/posts\/5731\/revisions"}],"wp:attachment":[{"href":"https:\/\/www.solidarnosc.org.pl\/dok\/wp-json\/wp\/v2\/media?parent=5731"}],"wp:term":[{"taxonomy":"category","embeddable":true,"href":"https:\/\/www.solidarnosc.org.pl\/dok\/wp-json\/wp\/v2\/categories?post=5731"},{"taxonomy":"post_tag","embeddable":true,"href":"https:\/\/www.solidarnosc.org.pl\/dok\/wp-json\/wp\/v2\/tags?post=5731"}],"curies":[{"name":"wp","href":"https:\/\/api.w.org\/{rel}","templated":true}]}}