{"id":557,"date":"1981-10-07T20:14:03","date_gmt":"1981-10-07T19:14:03","guid":{"rendered":"http:\/\/www.solidarnosc.org.pl\/dok\/?p=557"},"modified":"2012-09-28T20:16:25","modified_gmt":"2012-09-28T18:16:25","slug":"uchwala-i-kzd-ws-polityki-rzadu-6281","status":"publish","type":"post","link":"https:\/\/www.solidarnosc.org.pl\/dok\/1981\/10\/07\/uchwala-i-kzd-ws-polityki-rzadu-6281\/","title":{"rendered":"Uchwa\u0142a I KZD ws.polityki Rz\u0105du (62\/81)"},"content":{"rendered":"<p style=\"text-align: justify;\">Ostatnie miesi\u0105ce przynios\u0142y wyra\u017ane uwstecznienie polityki Rz\u0105du. Ata\u00adkom na nasz Zwi\u0105zek i mno\u017c\u0105cym si\u0119 prowokacjom prokuratorskim towa\u00adrzyszy polityka spo\u0142eczno \u2013 gospodarcza wymierzona w podstawowe interesy materialne ludzi pracy. Odrzucono wysuni\u0119te przez \u201eSolidarno\u015b\u0107\u201d \u017c\u0105danie kontroli nad produkcj\u0105, zasobami i dystrybucj\u0105 artyku\u0142\u00f3w pierwszej po\u00adtrzeby. Jednocze\u015bnie \u2014 wbrew wcze\u015bniejszym zapowiedziom Rz\u0105du \u2014 nie nast\u0105pi\u0142 powr\u00f3t do racji \u017cywno\u015bciowych sprzed l sierpnia. Przeciwnie \u2014 zabrak\u0142o pokrycia rynkowego nawet dla norm jednostronnie przez Rz\u0105d ob\u00adni\u017conych. Zamiast skutecznych dzia\u0142a\u0144 antykryzysowych Rz\u0105d podj\u0105\u0142 dzia\u00ad\u0142ania, kt\u00f3re obci\u0105\u017caj\u0105 spo\u0142ecze\u0144stwo kosztami kryzysu, ale nie s\u0142u\u017c\u0105 jego przezwyci\u0119\u017ceniu. W spos\u00f3b arbitralny, bez rekompensaty i konsultacji ze Zwi\u0105zkiem wprowadzono podwy\u017cki cen ryb s\u0142odkowodnych oraz papiero\u00ads\u00f3w. Zapowiada si\u0119 dalsze podobne kroki wymierzone w stop\u0119 \u017cyciow\u0105 spo\u0142ecze\u0144stwa. Nie jest to w \u017caden spos\u00f3b powi\u0105zane z reform\u0105 gospodarcz\u0105. Przeciwnie \u2014 walka prowadzona przez NSZZ \u201eSolidarno\u015b\u0107\u201d o samorz\u0105dowe zasady tej reformy natrafia od miesi\u0119cy na op\u00f3r w\u0142adzy.<\/p>\n<p style=\"text-align: justify;\">Zwi\u0105zek nasz nie mo\u017ce d\u0142u\u017cej tolerowa\u0107 tej polityki. Pierwszy Krajowy Zjazd Delegat\u00f3w NSZZ \u201eSolidarno\u015b\u0107\u201d \u017c\u0105da:<\/p>\n<p style=\"text-align: justify;\">1. wyp\u0142aty rekompensat za przeprowadzone ostatnio znaczne podwy\u017cki cen artyku\u0142\u00f3w pierwszej potrzeby i us\u0142ug oraz przeznaczenia ca\u0142ego docho\u00addu uzyskanego z podwy\u017cki cen towar\u00f3w monopolowych (tytoniu i alko\u00adholu) na pomoc socjaln\u0105 dla rodzin najgorzej sytuowanych;<\/p>\n<p style=\"text-align: justify;\">2. zamro\u017cenia cen detalicznych do czasu szczeg\u00f3\u0142owego uzgodnienia ze Zwi\u0105zkiem programu i terminarza zmian cen oraz systemu rekompensat w powi\u0105zaniu<br \/>\nz przygotowywan\u0105 reform\u0105 gospodarcz\u0105 i gwarancjami po\u00adprawy zaopatrzenia rynku;<\/p>\n<p style=\"text-align: justify;\">3. ustanowienia spo\u0142ecznej kontroli nad programem dora\u017anych dzia\u0142a\u0144 antykryzysowych oraz ich realizacj\u0105. Dzia\u0142ania antykryzysowe mog\u0105 by\u0107 skuteczne jedynie przy czynnym udziale spo\u0142ecze\u0144stwa i jego organi\u00adzacji, co nie b\u0119dzie mo\u017cliwe bez spo\u0142ecznej kontroli nad gospodark\u0105. Zjazd zobowi\u0105zuje Komisj\u0119 Krajow\u0105, aby w razie nie osi\u0105gni\u0119cia w tych sprawach porozumienia z Rz\u0105dem, proklamowa\u0142a w ci\u0105gu najbli\u017cszych 2-ch tygodni powszechny strajk ostrzegawczy oraz ustali\u0142a formy i terminarz w\u0142a\u015bciwej akcji protestacyjnej.<\/p>\n<p style=\"text-align: justify;\">Jednocze\u015bnie Zjazd wzywa za\u0142ogi wszystkich zak\u0142ad\u00f3w pracy do po\u00adwstrzymania si\u0119 od lokalnych akcji protestacyjnych, opr\u00f3cz tych, kt\u00f3re oka\u017c\u0105 si\u0119 konieczne dla obrony bezpiecze\u0144stwa Zwi\u0105zku.<\/p>\n","protected":false},"excerpt":{"rendered":"<p>Ostatnie miesi\u0105ce przynios\u0142y wyra\u017ane uwstecznienie polityki Rz\u0105du. Ata\u00adkom na nasz Zwi\u0105zek i mno\u017c\u0105cym si\u0119 prowokacjom prokuratorskim towa\u00adrzyszy polityka spo\u0142eczno \u2013 gospodarcza wymierzona w podstawowe interesy materialne ludzi pracy. Odrzucono wysuni\u0119te przez \u201eSolidarno\u015b\u0107\u201d \u017c\u0105danie kontroli nad produkcj\u0105, zasobami i dystrybucj\u0105 artyku\u0142\u00f3w pierwszej po\u00adtrzeby. Jednocze\u015bnie \u2014 wbrew wcze\u015bniejszym zapowiedziom Rz\u0105du \u2014 nie nast\u0105pi\u0142 powr\u00f3t do racji \u017cywno\u015bciowych [&hellip;]<\/p>\n","protected":false},"author":3,"featured_media":0,"comment_status":"closed","ping_status":"closed","sticky":false,"template":"","format":"standard","meta":{"footnotes":""},"categories":[17,16],"tags":[2637,2683,2639,2636,62,2638],"class_list":["post-557","post","type-post","status-publish","format-standard","hentry","category-1kzd","category-dokkzd","tag-2637","tag-62-81","tag-i-kzd","tag-kzd","tag-uchwala","tag-uchwala-kzd"],"_links":{"self":[{"href":"https:\/\/www.solidarnosc.org.pl\/dok\/wp-json\/wp\/v2\/posts\/557","targetHints":{"allow":["GET"]}}],"collection":[{"href":"https:\/\/www.solidarnosc.org.pl\/dok\/wp-json\/wp\/v2\/posts"}],"about":[{"href":"https:\/\/www.solidarnosc.org.pl\/dok\/wp-json\/wp\/v2\/types\/post"}],"author":[{"embeddable":true,"href":"https:\/\/www.solidarnosc.org.pl\/dok\/wp-json\/wp\/v2\/users\/3"}],"replies":[{"embeddable":true,"href":"https:\/\/www.solidarnosc.org.pl\/dok\/wp-json\/wp\/v2\/comments?post=557"}],"version-history":[{"count":1,"href":"https:\/\/www.solidarnosc.org.pl\/dok\/wp-json\/wp\/v2\/posts\/557\/revisions"}],"predecessor-version":[{"id":558,"href":"https:\/\/www.solidarnosc.org.pl\/dok\/wp-json\/wp\/v2\/posts\/557\/revisions\/558"}],"wp:attachment":[{"href":"https:\/\/www.solidarnosc.org.pl\/dok\/wp-json\/wp\/v2\/media?parent=557"}],"wp:term":[{"taxonomy":"category","embeddable":true,"href":"https:\/\/www.solidarnosc.org.pl\/dok\/wp-json\/wp\/v2\/categories?post=557"},{"taxonomy":"post_tag","embeddable":true,"href":"https:\/\/www.solidarnosc.org.pl\/dok\/wp-json\/wp\/v2\/tags?post=557"}],"curies":[{"name":"wp","href":"https:\/\/api.w.org\/{rel}","templated":true}]}}