{"id":5537,"date":"2013-12-04T10:26:05","date_gmt":"2013-12-04T09:26:05","guid":{"rendered":"http:\/\/www.solidarnosc.org.pl\/dok\/?p=5537"},"modified":"2013-12-06T10:28:06","modified_gmt":"2013-12-06T09:28:06","slug":"stanowisko-nr-2012013-ws-sytuacji-na-ukrainie","status":"publish","type":"post","link":"https:\/\/www.solidarnosc.org.pl\/dok\/2013\/12\/04\/stanowisko-nr-2012013-ws-sytuacji-na-ukrainie\/","title":{"rendered":"Stanowisko Prezydium KK nr 201\/2013 ws. sytuacji na Ukrainie"},"content":{"rendered":"<p>NSZZ \u201eSolidarno\u015b\u0107\u201d z wielkim zaniepokojeniem \u015bledzi coraz bardziej dramatyczn\u0105 sytuacj\u0119 na Ukrainie. Pot\u0119piamy zdecydowanie atak si\u0142 policyjnych na pokojowe zgromadzenia obywateli a szczeg\u00f3lnie niczym niesprowokowan\u0105 brutalno\u015b\u0107 wobec bezbronnych uczestnik\u00f3w zgromadze\u0144. Bezpo\u015brednim powodem protest\u00f3w spo\u0142ecznych by\u0142a deklaracja rz\u0105du Ukrainy o wstrzymaniu prac nad uk\u0142adem stowarzyszeniowym Ukraina \u2013 Unia Europejska, jednak manifestacje nie przebiegaj\u0105 w oderwaniu od coraz trudniejszej sytuacji spo\u0142ecznej i gospodarczej oraz pogarszaj\u0105cego si\u0119 klimatu politycznego na Ukrainie.<\/p>\n<p>Wyra\u017camy nasz\u0105 solidarno\u015b\u0107 wobec ukrai\u0144skich zwi\u0105zk\u00f3w zawodowych i pracownik\u00f3w, kt\u00f3rzy nie tylko padaj\u0105 ofiar\u0105 represji ze strony w\u0142adz, lecz r\u00f3wnie\u017c cierpi\u0105 na skutek gwa\u0142townie rozszerzaj\u0105cej si\u0119 strefy ub\u00f3stwa, rosn\u0105cego bezrobocia i problem\u00f3w spo\u0142ecznych. Zatrzymanie wyp\u0142at emerytur i wynagrodze\u0144 w wielu ga\u0142\u0119ziach gospodarki,<br \/>\na szczeg\u00f3lnie w sferze bud\u017cetowej jest niedopuszczalne. Katastrofalna sytuacja gospodarcza<br \/>\ni spo\u0142eczna Ukrainy jest wynikiem nieudolnej polityki rz\u0105du i administracji prezydenta, oligarchizacji gospodarki, korupcji i deficytu procedur demokratycznych oraz przede wszystkim brakiem autentycznego dialogu spo\u0142ecznego. Zdajemy sobie jednak spraw\u0119,<br \/>\n\u017ce sytuacj\u0119 dramatycznie pogorszy\u0142y rosyjskie sankcje handlowe narzucone na Ukrain\u0119<br \/>\nw celu wywarcia niedopuszczalnego nacisku politycznego.<\/p>\n<p>Wzywamy w\u0142adze Ukrainy do zaprzestania represji wobec spo\u0142ecze\u0144stwa, kt\u00f3re musi mie\u0107 zagwarantowane prawo do nieskr\u0119powanej decyzji w sprawie przysz\u0142o\u015bci swego kraju. Jeste\u015bmy te\u017c przekonani, \u017ce przybli\u017cenie Ukrainy do europejskiego modelu spo\u0142ecznego, stosowanie europejskich standard\u00f3w w dziedzinie praw cz\u0142owieka, praw pracowniczych<br \/>\ni zwi\u0105zkowych a tak\u017ce otwarcie dla Ukrainy jednolitego rynku europejskiego b\u0119dzie mia\u0142o pozytywne skutki dla obywateli i pracownik\u00f3w.<\/p>\n<p>Wzywamy instytucje europejskie do wykazania wi\u0119kszej aktywno\u015bci i wyobra\u017ani<br \/>\nw rozmowach z partnerami ukrai\u0144skimi. Zarysowanie perspektywy akcesji do UE<br \/>\nw d\u0142u\u017cszym horyzoncie czasowym i pilne za\u0142atwienie u\u0142atwie\u0144 wizowych wraz<br \/>\nz przedstawieniem harmonogramu doj\u015bcia do ca\u0142kowitego zniesienia wiz, to minimum, kt\u00f3rego za\u0142atwienie zale\u017cy wy\u0142\u0105cznie od woli politycznej.<\/p>\n<p>NSZZ \u201eSolidarno\u015b\u0107\u201d deklaruje pe\u0142ne wsparcie dla europejskich aspiracji Ukrainy<br \/>\ni b\u0119dzie wsp\u00f3\u0142pracowa\u0107 z ukrai\u0144skimi wolnymi zwi\u0105zkami zawodowymi i organizacjami partnerskimi d\u0105\u017c\u0105cymi do zbli\u017cenia Ukrainy do UE.<\/p>\n","protected":false},"excerpt":{"rendered":"<p>NSZZ \u201eSolidarno\u015b\u0107\u201d z wielkim zaniepokojeniem \u015bledzi coraz bardziej dramatyczn\u0105 sytuacj\u0119 na Ukrainie. Pot\u0119piamy zdecydowanie atak si\u0142 policyjnych na pokojowe zgromadzenia obywateli a szczeg\u00f3lnie niczym niesprowokowan\u0105 brutalno\u015b\u0107 wobec bezbronnych uczestnik\u00f3w zgromadze\u0144. Bezpo\u015brednim powodem protest\u00f3w spo\u0142ecznych by\u0142a deklaracja rz\u0105du Ukrainy o wstrzymaniu prac nad uk\u0142adem stowarzyszeniowym Ukraina \u2013 Unia Europejska, jednak manifestacje nie przebiegaj\u0105 w oderwaniu od [&hellip;]<\/p>\n","protected":false},"author":3,"featured_media":0,"comment_status":"closed","ping_status":"closed","sticky":false,"template":"","format":"standard","meta":{"footnotes":""},"categories":[54,9],"tags":[1112,230,534,63,535],"class_list":["post-5537","post","type-post","status-publish","format-standard","hentry","category-2013prezydium","category-dokprez","tag-201-2013","tag-230","tag-prezydium","tag-stanowisko","tag-stanowisko-prezydium"],"_links":{"self":[{"href":"https:\/\/www.solidarnosc.org.pl\/dok\/wp-json\/wp\/v2\/posts\/5537","targetHints":{"allow":["GET"]}}],"collection":[{"href":"https:\/\/www.solidarnosc.org.pl\/dok\/wp-json\/wp\/v2\/posts"}],"about":[{"href":"https:\/\/www.solidarnosc.org.pl\/dok\/wp-json\/wp\/v2\/types\/post"}],"author":[{"embeddable":true,"href":"https:\/\/www.solidarnosc.org.pl\/dok\/wp-json\/wp\/v2\/users\/3"}],"replies":[{"embeddable":true,"href":"https:\/\/www.solidarnosc.org.pl\/dok\/wp-json\/wp\/v2\/comments?post=5537"}],"version-history":[{"count":2,"href":"https:\/\/www.solidarnosc.org.pl\/dok\/wp-json\/wp\/v2\/posts\/5537\/revisions"}],"predecessor-version":[{"id":5540,"href":"https:\/\/www.solidarnosc.org.pl\/dok\/wp-json\/wp\/v2\/posts\/5537\/revisions\/5540"}],"wp:attachment":[{"href":"https:\/\/www.solidarnosc.org.pl\/dok\/wp-json\/wp\/v2\/media?parent=5537"}],"wp:term":[{"taxonomy":"category","embeddable":true,"href":"https:\/\/www.solidarnosc.org.pl\/dok\/wp-json\/wp\/v2\/categories?post=5537"},{"taxonomy":"post_tag","embeddable":true,"href":"https:\/\/www.solidarnosc.org.pl\/dok\/wp-json\/wp\/v2\/tags?post=5537"}],"curies":[{"name":"wp","href":"https:\/\/api.w.org\/{rel}","templated":true}]}}