{"id":5535,"date":"2013-11-26T11:57:22","date_gmt":"2013-11-26T10:57:22","guid":{"rendered":"http:\/\/www.solidarnosc.org.pl\/dok\/?p=5535"},"modified":"2013-11-28T11:58:21","modified_gmt":"2013-11-28T10:58:21","slug":"decyzja-prezydium-kk-nr-2002013-ws-upowaznienia","status":"publish","type":"post","link":"https:\/\/www.solidarnosc.org.pl\/dok\/2013\/11\/26\/decyzja-prezydium-kk-nr-2002013-ws-upowaznienia\/","title":{"rendered":"Decyzja Prezydium KK nr 200\/2013 ws. upowa\u017cnienia"},"content":{"rendered":"<p>Decyzja do u\u017cytku s\u0142u\u017cbowego<\/p>\n","protected":false},"excerpt":{"rendered":"<p>Decyzja do u\u017cytku s\u0142u\u017cbowego<\/p>\n","protected":false},"author":3,"featured_media":0,"comment_status":"closed","ping_status":"closed","sticky":false,"template":"","format":"standard","meta":{"footnotes":""},"categories":[54,9],"tags":[1111,230,61,536,534],"class_list":["post-5535","post","type-post","status-publish","format-standard","hentry","category-2013prezydium","category-dokprez","tag-200-2013","tag-230","tag-decyzja","tag-decyzja-prezydium","tag-prezydium"],"_links":{"self":[{"href":"https:\/\/www.solidarnosc.org.pl\/dok\/wp-json\/wp\/v2\/posts\/5535","targetHints":{"allow":["GET"]}}],"collection":[{"href":"https:\/\/www.solidarnosc.org.pl\/dok\/wp-json\/wp\/v2\/posts"}],"about":[{"href":"https:\/\/www.solidarnosc.org.pl\/dok\/wp-json\/wp\/v2\/types\/post"}],"author":[{"embeddable":true,"href":"https:\/\/www.solidarnosc.org.pl\/dok\/wp-json\/wp\/v2\/users\/3"}],"replies":[{"embeddable":true,"href":"https:\/\/www.solidarnosc.org.pl\/dok\/wp-json\/wp\/v2\/comments?post=5535"}],"version-history":[{"count":1,"href":"https:\/\/www.solidarnosc.org.pl\/dok\/wp-json\/wp\/v2\/posts\/5535\/revisions"}],"predecessor-version":[{"id":5536,"href":"https:\/\/www.solidarnosc.org.pl\/dok\/wp-json\/wp\/v2\/posts\/5535\/revisions\/5536"}],"wp:attachment":[{"href":"https:\/\/www.solidarnosc.org.pl\/dok\/wp-json\/wp\/v2\/media?parent=5535"}],"wp:term":[{"taxonomy":"category","embeddable":true,"href":"https:\/\/www.solidarnosc.org.pl\/dok\/wp-json\/wp\/v2\/categories?post=5535"},{"taxonomy":"post_tag","embeddable":true,"href":"https:\/\/www.solidarnosc.org.pl\/dok\/wp-json\/wp\/v2\/tags?post=5535"}],"curies":[{"name":"wp","href":"https:\/\/api.w.org\/{rel}","templated":true}]}}