{"id":5513,"date":"2013-11-20T07:17:56","date_gmt":"2013-11-20T06:17:56","guid":{"rendered":"http:\/\/www.solidarnosc.org.pl\/dok\/?p=5513"},"modified":"2013-11-21T07:19:21","modified_gmt":"2013-11-21T06:19:21","slug":"decyzja-prezydium-kk-nr-1932013-ws-przyjecia-zasad-naboru-trenerow-do-prowadzenia-szkolen-z-rokowan-zbiorowych-dla-liderow-dialogu-autonomicznego","status":"publish","type":"post","link":"https:\/\/www.solidarnosc.org.pl\/dok\/2013\/11\/20\/decyzja-prezydium-kk-nr-1932013-ws-przyjecia-zasad-naboru-trenerow-do-prowadzenia-szkolen-z-rokowan-zbiorowych-dla-liderow-dialogu-autonomicznego\/","title":{"rendered":"Decyzja Prezydium KK nr 193\/2013 ws. przyj\u0119cia zasad naboru trener\u00f3w do prowadzenia szkole\u0144 z rokowa\u0144 zbiorowych  dla lider\u00f3w dialogu autonomicznego"},"content":{"rendered":"<p>Prezydium Komisji Krajowej NSZZ \u201eSolidarno\u015b\u0107\u201d, przyjmuje zasady naboru trener\u00f3w do prowadzenia szkole\u0144 z rokowa\u0144 zbiorowych dla lider\u00f3w dialogu autonomicznego, kt\u00f3re b\u0119d\u0105 realizowane w ramach projektu \u201eRokowania zbiorowe w przedsi\u0119biorstwach ponadnarodowych\u201d, umowa nr 2012\/104528, dofinansowywanego z Norwegii, poprzez Norweski Mechanizm Finansowy, fundusz Godna Praca i Dialog Tr\u00f3jstronny, zgodnie<br \/>\nz opisem zawartym w \u201eZasadach naboru trener\u00f3w\u201d, stanowi\u0105cych za\u0142\u0105cznik do niniejszej decyzji.<\/p>\n","protected":false},"excerpt":{"rendered":"<p>Prezydium Komisji Krajowej NSZZ \u201eSolidarno\u015b\u0107\u201d, przyjmuje zasady naboru trener\u00f3w do prowadzenia szkole\u0144 z rokowa\u0144 zbiorowych dla lider\u00f3w dialogu autonomicznego, kt\u00f3re b\u0119d\u0105 realizowane w ramach projektu \u201eRokowania zbiorowe w przedsi\u0119biorstwach ponadnarodowych\u201d, umowa nr 2012\/104528, dofinansowywanego z Norwegii, poprzez Norweski Mechanizm Finansowy, fundusz Godna Praca i Dialog Tr\u00f3jstronny, zgodnie z opisem zawartym w \u201eZasadach naboru trener\u00f3w\u201d, stanowi\u0105cych [&hellip;]<\/p>\n","protected":false},"author":3,"featured_media":0,"comment_status":"closed","ping_status":"closed","sticky":false,"template":"","format":"standard","meta":{"footnotes":""},"categories":[54,9],"tags":[1104,230,61,536,534],"class_list":["post-5513","post","type-post","status-publish","format-standard","hentry","category-2013prezydium","category-dokprez","tag-193-2013","tag-230","tag-decyzja","tag-decyzja-prezydium","tag-prezydium"],"_links":{"self":[{"href":"https:\/\/www.solidarnosc.org.pl\/dok\/wp-json\/wp\/v2\/posts\/5513","targetHints":{"allow":["GET"]}}],"collection":[{"href":"https:\/\/www.solidarnosc.org.pl\/dok\/wp-json\/wp\/v2\/posts"}],"about":[{"href":"https:\/\/www.solidarnosc.org.pl\/dok\/wp-json\/wp\/v2\/types\/post"}],"author":[{"embeddable":true,"href":"https:\/\/www.solidarnosc.org.pl\/dok\/wp-json\/wp\/v2\/users\/3"}],"replies":[{"embeddable":true,"href":"https:\/\/www.solidarnosc.org.pl\/dok\/wp-json\/wp\/v2\/comments?post=5513"}],"version-history":[{"count":1,"href":"https:\/\/www.solidarnosc.org.pl\/dok\/wp-json\/wp\/v2\/posts\/5513\/revisions"}],"predecessor-version":[{"id":5515,"href":"https:\/\/www.solidarnosc.org.pl\/dok\/wp-json\/wp\/v2\/posts\/5513\/revisions\/5515"}],"wp:attachment":[{"href":"https:\/\/www.solidarnosc.org.pl\/dok\/wp-json\/wp\/v2\/media?parent=5513"}],"wp:term":[{"taxonomy":"category","embeddable":true,"href":"https:\/\/www.solidarnosc.org.pl\/dok\/wp-json\/wp\/v2\/categories?post=5513"},{"taxonomy":"post_tag","embeddable":true,"href":"https:\/\/www.solidarnosc.org.pl\/dok\/wp-json\/wp\/v2\/tags?post=5513"}],"curies":[{"name":"wp","href":"https:\/\/api.w.org\/{rel}","templated":true}]}}