{"id":5482,"date":"2013-10-29T09:58:12","date_gmt":"2013-10-29T08:58:12","guid":{"rendered":"http:\/\/www.solidarnosc.org.pl\/dok\/?p=5482"},"modified":"2013-10-30T09:59:41","modified_gmt":"2013-10-30T08:59:41","slug":"decyzja-prezydium-kk-nr-1852013-ws-wniosku-o-pokrycie-kosztow-organizacji-pikiety-sekretariatu-gornictwa-i-energetyki-w-warszawie-w-dniu-16-listopada-br-w-ramach-akcji-ogolnopolskiej","status":"publish","type":"post","link":"https:\/\/www.solidarnosc.org.pl\/dok\/2013\/10\/29\/decyzja-prezydium-kk-nr-1852013-ws-wniosku-o-pokrycie-kosztow-organizacji-pikiety-sekretariatu-gornictwa-i-energetyki-w-warszawie-w-dniu-16-listopada-br-w-ramach-akcji-ogolnopolskiej\/","title":{"rendered":"Decyzja Prezydium KK nr 185\/2013 ws. wniosku o pokrycie koszt\u00f3w organizacji pikiety  Sekretariatu G\u00f3rnictwa i Energetyki  w Warszawie w dniu 16 listopada br. \u2013 w ramach akcji og\u00f3lnopolskiej"},"content":{"rendered":"<p>Prezydium Komisji Krajowej NSZZ \u201eSolidarno\u015b\u0107\u201d, w oparciu o przepisy Regulaminu Krajowego Funduszu Strajkowego i regionalnych funduszy strajkowych,\u00a0 wyst\u0119puje do Komisji Krajowej NSZZ \u201eSolidarno\u015b\u0107\u201d o wyra\u017cenie zgody na pokrycie ze \u015brodk\u00f3w KFS\u00a0 koszt\u00f3w zwi\u0105zanych z pikiet\u0105 organizowan\u0105 przez Sekretariat G\u00f3rnictwa i Energetyki<br \/>\nw Warszawie w dniu 16 listopada br. Jednocze\u015bnie Prezydium KK postanawia uruchomi\u0107 \u015brodki KFS w celu zaliczkowania (zgodnie z Regulaminem) ww. pikiety.<\/p>\n","protected":false},"excerpt":{"rendered":"<p>Prezydium Komisji Krajowej NSZZ \u201eSolidarno\u015b\u0107\u201d, w oparciu o przepisy Regulaminu Krajowego Funduszu Strajkowego i regionalnych funduszy strajkowych,\u00a0 wyst\u0119puje do Komisji Krajowej NSZZ \u201eSolidarno\u015b\u0107\u201d o wyra\u017cenie zgody na pokrycie ze \u015brodk\u00f3w KFS\u00a0 koszt\u00f3w zwi\u0105zanych z pikiet\u0105 organizowan\u0105 przez Sekretariat G\u00f3rnictwa i Energetyki w Warszawie w dniu 16 listopada br. Jednocze\u015bnie Prezydium KK postanawia uruchomi\u0107 \u015brodki KFS [&hellip;]<\/p>\n","protected":false},"author":3,"featured_media":0,"comment_status":"closed","ping_status":"closed","sticky":false,"template":"","format":"standard","meta":{"footnotes":""},"categories":[54,9],"tags":[1096,230,61,536,534],"class_list":["post-5482","post","type-post","status-publish","format-standard","hentry","category-2013prezydium","category-dokprez","tag-185-2013","tag-230","tag-decyzja","tag-decyzja-prezydium","tag-prezydium"],"_links":{"self":[{"href":"https:\/\/www.solidarnosc.org.pl\/dok\/wp-json\/wp\/v2\/posts\/5482","targetHints":{"allow":["GET"]}}],"collection":[{"href":"https:\/\/www.solidarnosc.org.pl\/dok\/wp-json\/wp\/v2\/posts"}],"about":[{"href":"https:\/\/www.solidarnosc.org.pl\/dok\/wp-json\/wp\/v2\/types\/post"}],"author":[{"embeddable":true,"href":"https:\/\/www.solidarnosc.org.pl\/dok\/wp-json\/wp\/v2\/users\/3"}],"replies":[{"embeddable":true,"href":"https:\/\/www.solidarnosc.org.pl\/dok\/wp-json\/wp\/v2\/comments?post=5482"}],"version-history":[{"count":1,"href":"https:\/\/www.solidarnosc.org.pl\/dok\/wp-json\/wp\/v2\/posts\/5482\/revisions"}],"predecessor-version":[{"id":5484,"href":"https:\/\/www.solidarnosc.org.pl\/dok\/wp-json\/wp\/v2\/posts\/5482\/revisions\/5484"}],"wp:attachment":[{"href":"https:\/\/www.solidarnosc.org.pl\/dok\/wp-json\/wp\/v2\/media?parent=5482"}],"wp:term":[{"taxonomy":"category","embeddable":true,"href":"https:\/\/www.solidarnosc.org.pl\/dok\/wp-json\/wp\/v2\/categories?post=5482"},{"taxonomy":"post_tag","embeddable":true,"href":"https:\/\/www.solidarnosc.org.pl\/dok\/wp-json\/wp\/v2\/tags?post=5482"}],"curies":[{"name":"wp","href":"https:\/\/api.w.org\/{rel}","templated":true}]}}