{"id":5354,"date":"2013-09-17T10:38:30","date_gmt":"2013-09-17T08:38:30","guid":{"rendered":"http:\/\/www.solidarnosc.org.pl\/dok\/?p=5354"},"modified":"2013-09-23T10:43:26","modified_gmt":"2013-09-23T08:43:26","slug":"decyzja-prezydium-kk-nr-1542013-ws-ws-projektu-ustawy-ministerstwa-finansow-z-dnia-28-sierpnia-2013-r-o-zmianie-ustawy-o-podatku-od-towarow-i-uslug-oraz-ustawy-o-zwrocie-osobom-fizycznym-niektoryc","status":"publish","type":"post","link":"https:\/\/www.solidarnosc.org.pl\/dok\/2013\/09\/17\/decyzja-prezydium-kk-nr-1542013-ws-ws-projektu-ustawy-ministerstwa-finansow-z-dnia-28-sierpnia-2013-r-o-zmianie-ustawy-o-podatku-od-towarow-i-uslug-oraz-ustawy-o-zwrocie-osobom-fizycznym-niektoryc\/","title":{"rendered":"Decyzja Prezydium KK nr 154\/2013 ws. projektu ustawy Ministerstwa Finans\u00f3w z dnia 28 sierpnia 2013 r. o zmianie ustawy  o podatku od towar\u00f3w i us\u0142ug oraz ustawy o zwrocie osobom fizycznym niekt\u00f3rych wydatk\u00f3w zwi\u0105zanych z budownictwem mieszkaniowym"},"content":{"rendered":"<p>Prezydium Komisji Krajowej NSZZ \u201eSolidarno\u015b\u0107\u201d negatywnie ocenia projekt ustawy<br \/>\nws. <em>ustawy o zmianie ustawy o podatku od towar\u00f3w i us\u0142ug oraz ustawy o zwrocie osobom fizycznym niekt\u00f3rych wydatk\u00f3w zwi\u0105zanych z budownictwem mieszkaniowym. <\/em><\/p>\n<p>Brak jest racjonalnego uzasadnienia dla kontynuacji podwy\u017cszenia stawek od towar\u00f3w i us\u0142ug na okres 3 kolejnych lat. Polska ma jedn\u0105 z najwy\u017cszych w Europie podstawowych stawek VAT. Podatek od towar\u00f3w i us\u0142ug jest jednym z czynnik\u00f3w kszta\u0142tuj\u0105cych wysoko\u015b\u0107 ceny finalnej danego produktu lub us\u0142ugi. Ponowne podwy\u017cszenie stawek VAT spowoduje dodatkowy impuls inflacyjny, kt\u00f3ry b\u0119dzie powodowa\u0142 wzrost koszt\u00f3w utrzymania,<br \/>\na ich skutki b\u0119d\u0105 szczeg\u00f3lnie dotkliwe dla os\u00f3b najmniej zarabiaj\u0105cych. <em><\/em><\/p>\n<p>Obserwowane od kilku lat sukcesywne dzia\u0142ania rz\u0105du w kierunku zwi\u0119kszania obci\u0105\u017ce\u0144 podatkowych, mi\u0119dzy innymi poprzez: podniesienie o 1 punkt procentowy wszystkich stawek, wzrost stawki VAT na ubranka dzieci\u0119ce, podniesienie stawki na wyroby sztuki ludowej \u2013 nie przynosz\u0105 oczekiwanego efektu w postaci wzrostu dochod\u00f3w bud\u017cetowych.<\/p>\n<p>W ocenie NSZZ \u201eSolidarno\u015b\u0107\u201d rz\u0105d powinien skupi\u0107 si\u0119 na dzia\u0142aniach, kt\u00f3rych celem by\u0142oby uszczelnienie systemu podatkowego, a nie podwy\u017cszanie stawek podatku VAT.<\/p>\n","protected":false},"excerpt":{"rendered":"<p>Prezydium Komisji Krajowej NSZZ \u201eSolidarno\u015b\u0107\u201d negatywnie ocenia projekt ustawy ws. ustawy o zmianie ustawy o podatku od towar\u00f3w i us\u0142ug oraz ustawy o zwrocie osobom fizycznym niekt\u00f3rych wydatk\u00f3w zwi\u0105zanych z budownictwem mieszkaniowym. Brak jest racjonalnego uzasadnienia dla kontynuacji podwy\u017cszenia stawek od towar\u00f3w i us\u0142ug na okres 3 kolejnych lat. Polska ma jedn\u0105 z najwy\u017cszych w [&hellip;]<\/p>\n","protected":false},"author":3,"featured_media":0,"comment_status":"closed","ping_status":"closed","sticky":false,"template":"","format":"standard","meta":{"footnotes":""},"categories":[54,9],"tags":[1065,230,61,536,534],"class_list":["post-5354","post","type-post","status-publish","format-standard","hentry","category-2013prezydium","category-dokprez","tag-154-2013","tag-230","tag-decyzja","tag-decyzja-prezydium","tag-prezydium"],"_links":{"self":[{"href":"https:\/\/www.solidarnosc.org.pl\/dok\/wp-json\/wp\/v2\/posts\/5354","targetHints":{"allow":["GET"]}}],"collection":[{"href":"https:\/\/www.solidarnosc.org.pl\/dok\/wp-json\/wp\/v2\/posts"}],"about":[{"href":"https:\/\/www.solidarnosc.org.pl\/dok\/wp-json\/wp\/v2\/types\/post"}],"author":[{"embeddable":true,"href":"https:\/\/www.solidarnosc.org.pl\/dok\/wp-json\/wp\/v2\/users\/3"}],"replies":[{"embeddable":true,"href":"https:\/\/www.solidarnosc.org.pl\/dok\/wp-json\/wp\/v2\/comments?post=5354"}],"version-history":[{"count":2,"href":"https:\/\/www.solidarnosc.org.pl\/dok\/wp-json\/wp\/v2\/posts\/5354\/revisions"}],"predecessor-version":[{"id":5357,"href":"https:\/\/www.solidarnosc.org.pl\/dok\/wp-json\/wp\/v2\/posts\/5354\/revisions\/5357"}],"wp:attachment":[{"href":"https:\/\/www.solidarnosc.org.pl\/dok\/wp-json\/wp\/v2\/media?parent=5354"}],"wp:term":[{"taxonomy":"category","embeddable":true,"href":"https:\/\/www.solidarnosc.org.pl\/dok\/wp-json\/wp\/v2\/categories?post=5354"},{"taxonomy":"post_tag","embeddable":true,"href":"https:\/\/www.solidarnosc.org.pl\/dok\/wp-json\/wp\/v2\/tags?post=5354"}],"curies":[{"name":"wp","href":"https:\/\/api.w.org\/{rel}","templated":true}]}}