{"id":5035,"date":"2013-06-20T11:39:08","date_gmt":"2013-06-20T09:39:08","guid":{"rendered":"http:\/\/www.solidarnosc.org.pl\/dok\/?p=5035"},"modified":"2024-08-08T14:30:19","modified_gmt":"2024-08-08T12:30:19","slug":"uchwala-kk-nr-142013-ws-zmian-w-uchwale-1109-ws-ankiet-osobowych-kandydatowczlonkow-wladz-zwiazku","status":"publish","type":"post","link":"https:\/\/www.solidarnosc.org.pl\/dok\/2013\/06\/20\/uchwala-kk-nr-142013-ws-zmian-w-uchwale-1109-ws-ankiet-osobowych-kandydatowczlonkow-wladz-zwiazku\/","title":{"rendered":"Uchwa\u0142a KK nr 14\/2013 r. ws. zmian w Uchwale 11\/09 ws. ankiet osobowych kandydat\u00f3w\/cz\u0142onk\u00f3w w\u0142adz Zwi\u0105zku"},"content":{"rendered":"<p style=\"text-align: justify;\">Komisja Krajowa NSZZ \u201eSolidarno\u015b\u0107\u201d wprowadza nast\u0119puj\u0105ce zmiany w Uchwale KK nr 11\/09 ws. ankiet osobowych kandydat\u00f3w\/cz\u0142onk\u00f3w w\u0142adz Zwi\u0105zku:<\/p>\n<p>1. Zmianie ulega tre\u015b\u0107 ust\u0119pu 3, kt\u00f3ry otrzymuje\u00a0 nowe brzmienie:<\/p>\n<p style=\"text-align: justify;\">&#8222;<em>Spe\u0142nieniem warunku, o kt\u00f3rym mowa w ust. 2, jest te\u017c przedstawienie odpowiedniej komisji mandatowo &#8211; wyborczej kopii ankiety osobowej potwierdzonej przez w\u0142a\u015bciw\u0105 RKW lub KKW.<\/em><\/p>\n<p>2. Zmianie ulega tre\u015b\u0107 ust\u0119pu 4, kt\u00f3ry otrzymuje nowe brzmienie:<\/p>\n<p style=\"text-align: justify;\"><em>Regionalna komisja wyborcza ma obowi\u0105zek przekaza\u0107 niezw\u0142ocznie do Komisji\u00a0 Krajowej, w formie elektronicznej,\u00a0 ankiety osobowe kandydat\u00f3w na jedn\u0105 z funkcji wymienionych\u00a0 w ust. 1.\u00a0 <\/em><\/p>\n<p style=\"text-align: justify;\">3. W Ankiecie osobowej kandydata\/cz\u0142onka w\u0142adz Zwi\u0105zku b\u0119d\u0105cej za\u0142\u0105cznikiem do Uchwa\u0142y KK nr 11\/09 ws. ankiet osobowych kandydat\u00f3w\/cz\u0142onk\u00f3w w\u0142adz Zwi\u0105zku zdanie ostatnie ankiety, znajduj\u0105ce si\u0119 pod podpisem kandydata otrzymuje brzmienie:<\/p>\n<p style=\"text-align: justify;\"><em>Potwierdzam prawdziwo\u015b\u0107 powy\u017cszych informacji oraz wyra\u017cam zgod\u0119 na podanie ich do wiadomo\u015bci delegatom na zebraniu wyborczym, a tak\u017ce wyra\u017cam zgod\u0119 na przetwarzanie powy\u017cszych danych, wy\u0142\u0105cznie na wewn\u0119trzne potrzeby Zwi\u0105zku w Krajowej Bazie Danych znajduj\u0105cej si\u0119 w Komisji Krajowej NSZZ \u201eSolidarno\u015b\u0107\u201d w Gda\u0144sku.<\/em><\/p>\n","protected":false},"excerpt":{"rendered":"<p>Komisja Krajowa NSZZ \u201eSolidarno\u015b\u0107\u201d wprowadza nast\u0119puj\u0105ce zmiany w Uchwale KK nr 11\/09 ws. ankiet osobowych kandydat\u00f3w\/cz\u0142onk\u00f3w w\u0142adz Zwi\u0105zku: 1. Zmianie ulega tre\u015b\u0107 ust\u0119pu 3, kt\u00f3ry otrzymuje\u00a0 nowe brzmienie: &#8222;Spe\u0142nieniem warunku, o kt\u00f3rym mowa w ust. 2, jest te\u017c przedstawienie odpowiedniej komisji mandatowo &#8211; wyborczej kopii ankiety osobowej potwierdzonej przez w\u0142a\u015bciw\u0105 RKW lub KKW. 2. Zmianie [&hellip;]<\/p>\n","protected":false},"author":3,"featured_media":0,"comment_status":"closed","ping_status":"closed","sticky":false,"template":"","format":"standard","meta":{"footnotes":""},"categories":[55,8],"tags":[522,245,230,98,62,102],"class_list":["post-5035","post","type-post","status-publish","format-standard","hentry","category-2013kk","category-dokkk","tag-11-09","tag-14-2013","tag-230","tag-kk","tag-uchwala","tag-uchwala-kk"],"_links":{"self":[{"href":"https:\/\/www.solidarnosc.org.pl\/dok\/wp-json\/wp\/v2\/posts\/5035","targetHints":{"allow":["GET"]}}],"collection":[{"href":"https:\/\/www.solidarnosc.org.pl\/dok\/wp-json\/wp\/v2\/posts"}],"about":[{"href":"https:\/\/www.solidarnosc.org.pl\/dok\/wp-json\/wp\/v2\/types\/post"}],"author":[{"embeddable":true,"href":"https:\/\/www.solidarnosc.org.pl\/dok\/wp-json\/wp\/v2\/users\/3"}],"replies":[{"embeddable":true,"href":"https:\/\/www.solidarnosc.org.pl\/dok\/wp-json\/wp\/v2\/comments?post=5035"}],"version-history":[{"count":4,"href":"https:\/\/www.solidarnosc.org.pl\/dok\/wp-json\/wp\/v2\/posts\/5035\/revisions"}],"predecessor-version":[{"id":12482,"href":"https:\/\/www.solidarnosc.org.pl\/dok\/wp-json\/wp\/v2\/posts\/5035\/revisions\/12482"}],"wp:attachment":[{"href":"https:\/\/www.solidarnosc.org.pl\/dok\/wp-json\/wp\/v2\/media?parent=5035"}],"wp:term":[{"taxonomy":"category","embeddable":true,"href":"https:\/\/www.solidarnosc.org.pl\/dok\/wp-json\/wp\/v2\/categories?post=5035"},{"taxonomy":"post_tag","embeddable":true,"href":"https:\/\/www.solidarnosc.org.pl\/dok\/wp-json\/wp\/v2\/tags?post=5035"}],"curies":[{"name":"wp","href":"https:\/\/api.w.org\/{rel}","templated":true}]}}