{"id":5030,"date":"2013-06-20T11:34:50","date_gmt":"2013-06-20T09:34:50","guid":{"rendered":"http:\/\/www.solidarnosc.org.pl\/dok\/?p=5030"},"modified":"2024-08-08T14:30:49","modified_gmt":"2024-08-08T12:30:49","slug":"uchwala-kk-nr-122013-ws-powolania-zespolu-kk-ds-polityki-zagranicznej","status":"publish","type":"post","link":"https:\/\/www.solidarnosc.org.pl\/dok\/2013\/06\/20\/uchwala-kk-nr-122013-ws-powolania-zespolu-kk-ds-polityki-zagranicznej\/","title":{"rendered":"Uchwa\u0142a KK nr 13\/2013 r. ws. powo\u0142ania zespo\u0142u KK ds. polityki zagranicznej"},"content":{"rendered":"<p style=\"text-align: justify;\">Komisja Krajowa NSZZ \u201eSolidarno\u015b\u0107\u201d, na podstawie \u00a7 7 ust. 1 Regulaminu Pracy KK, powo\u0142uje Zesp\u00f3\u0142 ds. polityki zagranicznej, kt\u00f3rego zadaniem b\u0119dzie przygotowanie tez do uchwa\u0142y programowej Zwi\u0105zku w zakresie polityki zagranicznej, kt\u00f3ra zostanie przyj\u0119ta na najbli\u017cszej sesji Krajowego Zjazdu Delegat\u00f3w.<\/p>\n<p>W sk\u0142ad zespo\u0142u wejd\u0105:<\/p>\n<ol start=\"1\">\n<li>Jan Mosi\u0144ski<\/li>\n<li>J\u00f3zef Mozolewski<\/li>\n<li>Jacek Smagowicz<\/li>\n<li>Bogdan Szozda<\/li>\n<li>Tomasz W\u00f3jcik<\/li>\n<li>Marek Ziarkowski<\/li>\n<li>Piotr Duda<\/li>\n<li>Andrzej Adamczyk<\/li>\n<li>Henryk Nakonieczny<\/li>\n<\/ol>\n","protected":false},"excerpt":{"rendered":"<p>Komisja Krajowa NSZZ \u201eSolidarno\u015b\u0107\u201d, na podstawie \u00a7 7 ust. 1 Regulaminu Pracy KK, powo\u0142uje Zesp\u00f3\u0142 ds. polityki zagranicznej, kt\u00f3rego zadaniem b\u0119dzie przygotowanie tez do uchwa\u0142y programowej Zwi\u0105zku w zakresie polityki zagranicznej, kt\u00f3ra zostanie przyj\u0119ta na najbli\u017cszej sesji Krajowego Zjazdu Delegat\u00f3w. W sk\u0142ad zespo\u0142u wejd\u0105: Jan Mosi\u0144ski J\u00f3zef Mozolewski Jacek Smagowicz Bogdan Szozda Tomasz W\u00f3jcik Marek [&hellip;]<\/p>\n","protected":false},"author":3,"featured_media":0,"comment_status":"closed","ping_status":"closed","sticky":false,"template":"","format":"standard","meta":{"footnotes":""},"categories":[55,8],"tags":[244,230,98,62,102],"class_list":["post-5030","post","type-post","status-publish","format-standard","hentry","category-2013kk","category-dokkk","tag-13-2013","tag-230","tag-kk","tag-uchwala","tag-uchwala-kk"],"_links":{"self":[{"href":"https:\/\/www.solidarnosc.org.pl\/dok\/wp-json\/wp\/v2\/posts\/5030","targetHints":{"allow":["GET"]}}],"collection":[{"href":"https:\/\/www.solidarnosc.org.pl\/dok\/wp-json\/wp\/v2\/posts"}],"about":[{"href":"https:\/\/www.solidarnosc.org.pl\/dok\/wp-json\/wp\/v2\/types\/post"}],"author":[{"embeddable":true,"href":"https:\/\/www.solidarnosc.org.pl\/dok\/wp-json\/wp\/v2\/users\/3"}],"replies":[{"embeddable":true,"href":"https:\/\/www.solidarnosc.org.pl\/dok\/wp-json\/wp\/v2\/comments?post=5030"}],"version-history":[{"count":4,"href":"https:\/\/www.solidarnosc.org.pl\/dok\/wp-json\/wp\/v2\/posts\/5030\/revisions"}],"predecessor-version":[{"id":12483,"href":"https:\/\/www.solidarnosc.org.pl\/dok\/wp-json\/wp\/v2\/posts\/5030\/revisions\/12483"}],"wp:attachment":[{"href":"https:\/\/www.solidarnosc.org.pl\/dok\/wp-json\/wp\/v2\/media?parent=5030"}],"wp:term":[{"taxonomy":"category","embeddable":true,"href":"https:\/\/www.solidarnosc.org.pl\/dok\/wp-json\/wp\/v2\/categories?post=5030"},{"taxonomy":"post_tag","embeddable":true,"href":"https:\/\/www.solidarnosc.org.pl\/dok\/wp-json\/wp\/v2\/tags?post=5030"}],"curies":[{"name":"wp","href":"https:\/\/api.w.org\/{rel}","templated":true}]}}