{"id":500,"date":"1981-09-26T19:12:31","date_gmt":"1981-09-26T17:12:31","guid":{"rendered":"http:\/\/www.solidarnosc.org.pl\/dok\/?p=500"},"modified":"2012-09-28T19:13:43","modified_gmt":"2012-09-28T17:13:43","slug":"zaproszenie-3181","status":"publish","type":"post","link":"https:\/\/www.solidarnosc.org.pl\/dok\/1981\/09\/26\/zaproszenie-3181\/","title":{"rendered":"Zaproszenie (31\/81)"},"content":{"rendered":"<p style=\"text-align: justify;\">I Krajowy Zjazd Delegat\u00f3w NSZZ \u201eSolidarno\u015b\u0107&#8221; ma zaszczyt zaprosi\u0107 na II tur\u0119 Zjazdu przedstawicieli Zwi\u0105zku Zawodowego Funkcjonariuszy Milicji Obywatelskiej.<br \/>\nGda\u0144sk, 26 wrze\u015bnia 1981 r.<\/p>\n","protected":false},"excerpt":{"rendered":"<p>I Krajowy Zjazd Delegat\u00f3w NSZZ \u201eSolidarno\u015b\u0107&#8221; ma zaszczyt zaprosi\u0107 na II tur\u0119 Zjazdu przedstawicieli Zwi\u0105zku Zawodowego Funkcjonariuszy Milicji Obywatelskiej. Gda\u0144sk, 26 wrze\u015bnia 1981 r.<\/p>\n","protected":false},"author":3,"featured_media":0,"comment_status":"closed","ping_status":"closed","sticky":false,"template":"","format":"standard","meta":{"footnotes":""},"categories":[17,16],"tags":[2637,2657,2636],"class_list":["post-500","post","type-post","status-publish","format-standard","hentry","category-1kzd","category-dokkzd","tag-2637","tag-31-81","tag-kzd"],"_links":{"self":[{"href":"https:\/\/www.solidarnosc.org.pl\/dok\/wp-json\/wp\/v2\/posts\/500","targetHints":{"allow":["GET"]}}],"collection":[{"href":"https:\/\/www.solidarnosc.org.pl\/dok\/wp-json\/wp\/v2\/posts"}],"about":[{"href":"https:\/\/www.solidarnosc.org.pl\/dok\/wp-json\/wp\/v2\/types\/post"}],"author":[{"embeddable":true,"href":"https:\/\/www.solidarnosc.org.pl\/dok\/wp-json\/wp\/v2\/users\/3"}],"replies":[{"embeddable":true,"href":"https:\/\/www.solidarnosc.org.pl\/dok\/wp-json\/wp\/v2\/comments?post=500"}],"version-history":[{"count":1,"href":"https:\/\/www.solidarnosc.org.pl\/dok\/wp-json\/wp\/v2\/posts\/500\/revisions"}],"predecessor-version":[{"id":501,"href":"https:\/\/www.solidarnosc.org.pl\/dok\/wp-json\/wp\/v2\/posts\/500\/revisions\/501"}],"wp:attachment":[{"href":"https:\/\/www.solidarnosc.org.pl\/dok\/wp-json\/wp\/v2\/media?parent=500"}],"wp:term":[{"taxonomy":"category","embeddable":true,"href":"https:\/\/www.solidarnosc.org.pl\/dok\/wp-json\/wp\/v2\/categories?post=500"},{"taxonomy":"post_tag","embeddable":true,"href":"https:\/\/www.solidarnosc.org.pl\/dok\/wp-json\/wp\/v2\/tags?post=500"}],"curies":[{"name":"wp","href":"https:\/\/api.w.org\/{rel}","templated":true}]}}