{"id":496,"date":"1981-09-07T19:07:23","date_gmt":"1981-09-07T17:07:23","guid":{"rendered":"http:\/\/www.solidarnosc.org.pl\/dok\/?p=496"},"modified":"2012-09-28T19:09:24","modified_gmt":"2012-09-28T17:09:24","slug":"deklaracja-i-zjazdu-delegatow-2881","status":"publish","type":"post","link":"https:\/\/www.solidarnosc.org.pl\/dok\/1981\/09\/07\/deklaracja-i-zjazdu-delegatow-2881\/","title":{"rendered":"DEKLARACJA I ZJAZDU DELEGAT\u00d3W (28\/81)"},"content":{"rendered":"<p style=\"text-align: justify;\">Celem nadrz\u0119dnym NSZZ \u201eSolidarno\u015b\u0107\u201d jest tworzenie godnych warun\u00adk\u00f3w \u017cycia w gospodarczo i politycznie suwerennej Polsce.<\/p>\n<p style=\"text-align: justify;\">Chodzi o \u017cycie wolne od ub\u00f3stwa, wyzysku, strachu i k\u0142amstwa w spo\u00ad\u0142ecze\u0144stwie zorganizowanym demokratycznie i praworz\u0105dnie.<\/p>\n<p style=\"text-align: justify;\">Dzi\u015b nar\u00f3d oczekuje:<\/p>\n<p style=\"text-align: justify;\">1) <strong>Poprawy zaopatrzenia w \u017cywno\u015b\u0107<\/strong> poprzez ustanowienie kontroli nad jej produkcj\u0105, podzia\u0142em i cenami, we wsp\u00f3\u0142pracy z \u201eSolidarno\u015bci\u0105\u201d Rolnik\u00f3w Indywidualnych.<\/p>\n<p style=\"text-align: justify;\">2) <strong>Reformy gospodarczej<\/strong> poprzez tworzenie autentycznych samorz\u0105d\u00f3w pracowniczych i likwidacj\u0119 nomenklatury partyjnej oraz wdro\u017cenie efektyw\u00adnych mechanizm\u00f3w ekonomicznych.<\/p>\n<p style=\"text-align: justify;\">3) <strong>Prawdy<\/strong> poprzez spo\u0142eczn\u0105 kontrol\u0119 \u015brodk\u00f3w masowej informacji i od\u00adk\u0142amanie polskiej szko\u0142y i kultury.<\/p>\n<p style=\"text-align: justify;\">4) <strong>Demokracji<\/strong> poprzez przeprowadzenie wolnych wybor\u00f3w do Sejmu i Rad Narodowych.<\/p>\n<p style=\"text-align: justify;\">5) <strong>Sprawiedliwo\u015bci<\/strong> poprzez zapewnienie r\u00f3wno\u015bci wszystkich wobec pra\u00adwa, uwolnienie wi\u0119zionych za przekonanie i obron\u0119 represjonowanych za dzia\u0142alno\u015b\u0107 polityczn\u0105, wydawnicz\u0105 i zwi\u0105zkow\u0105.<\/p>\n<p style=\"text-align: justify;\">6) <strong>Ratowanie zagro\u017conego zdrowia narodu<\/strong> poprzez ochron\u0119 \u015brodowiska, zwi\u0119kszenie nak\u0142ad\u00f3w na s\u0142u\u017cb\u0119 zdrowia i zapewnienie ludziom niepe\u0142no\u00adsprawnym nale\u017cnych im praw w spo\u0142ecze\u0144stwie.<\/p>\n<p style=\"text-align: justify;\">7) <strong>W\u0119gla<\/strong> dla ludno\u015bci i przemys\u0142u poprzez zagwarantowanie g\u00f3rnikom odpowiednich warunk\u00f3w \u017cycia i pracy.<\/p>\n<p style=\"text-align: justify;\">Cele te osi\u0105gniemy w warunkach jedno\u015bci naszego Zwi\u0105zku i solidarno\u015bci jego cz\u0142onk\u00f3w. Dzia\u0142ania r\u00f3\u017cnych si\u0142 stwarzaj\u0105cych poczucie zagro\u017cenia zewn\u0119trznego nie odbior\u0105 nam woli walki o idea\u0142y Sierpnia`80, o realizacj\u0119 Porozumie\u0144 z Gda\u0144ska, Szczecina i Jastrz\u0119bia.<\/p>\n","protected":false},"excerpt":{"rendered":"<p>Celem nadrz\u0119dnym NSZZ \u201eSolidarno\u015b\u0107\u201d jest tworzenie godnych warun\u00adk\u00f3w \u017cycia w gospodarczo i politycznie suwerennej Polsce. Chodzi o \u017cycie wolne od ub\u00f3stwa, wyzysku, strachu i k\u0142amstwa w spo\u00ad\u0142ecze\u0144stwie zorganizowanym demokratycznie i praworz\u0105dnie. Dzi\u015b nar\u00f3d oczekuje: 1) Poprawy zaopatrzenia w \u017cywno\u015b\u0107 poprzez ustanowienie kontroli nad jej produkcj\u0105, podzia\u0142em i cenami, we wsp\u00f3\u0142pracy z \u201eSolidarno\u015bci\u0105\u201d Rolnik\u00f3w Indywidualnych. 2) [&hellip;]<\/p>\n","protected":false},"author":3,"featured_media":0,"comment_status":"closed","ping_status":"closed","sticky":false,"template":"","format":"standard","meta":{"footnotes":""},"categories":[17,16],"tags":[2637,2656,2654,2655,2636],"class_list":["post-496","post","type-post","status-publish","format-standard","hentry","category-1kzd","category-dokkzd","tag-2637","tag-28-81","tag-deklaracja","tag-deklaracja-kzd","tag-kzd"],"_links":{"self":[{"href":"https:\/\/www.solidarnosc.org.pl\/dok\/wp-json\/wp\/v2\/posts\/496","targetHints":{"allow":["GET"]}}],"collection":[{"href":"https:\/\/www.solidarnosc.org.pl\/dok\/wp-json\/wp\/v2\/posts"}],"about":[{"href":"https:\/\/www.solidarnosc.org.pl\/dok\/wp-json\/wp\/v2\/types\/post"}],"author":[{"embeddable":true,"href":"https:\/\/www.solidarnosc.org.pl\/dok\/wp-json\/wp\/v2\/users\/3"}],"replies":[{"embeddable":true,"href":"https:\/\/www.solidarnosc.org.pl\/dok\/wp-json\/wp\/v2\/comments?post=496"}],"version-history":[{"count":2,"href":"https:\/\/www.solidarnosc.org.pl\/dok\/wp-json\/wp\/v2\/posts\/496\/revisions"}],"predecessor-version":[{"id":498,"href":"https:\/\/www.solidarnosc.org.pl\/dok\/wp-json\/wp\/v2\/posts\/496\/revisions\/498"}],"wp:attachment":[{"href":"https:\/\/www.solidarnosc.org.pl\/dok\/wp-json\/wp\/v2\/media?parent=496"}],"wp:term":[{"taxonomy":"category","embeddable":true,"href":"https:\/\/www.solidarnosc.org.pl\/dok\/wp-json\/wp\/v2\/categories?post=496"},{"taxonomy":"post_tag","embeddable":true,"href":"https:\/\/www.solidarnosc.org.pl\/dok\/wp-json\/wp\/v2\/tags?post=496"}],"curies":[{"name":"wp","href":"https:\/\/api.w.org\/{rel}","templated":true}]}}