{"id":491,"date":"1981-09-05T19:02:36","date_gmt":"1981-09-05T17:02:36","guid":{"rendered":"http:\/\/www.solidarnosc.org.pl\/dok\/?p=491"},"modified":"2012-09-28T19:05:33","modified_gmt":"2012-09-28T17:05:33","slug":"uchwala-i-kzd-ws-swobody-porusza%c2%adnia-sie-oraz-wyboru-miejsca-pracy-i-zamieszkania-2681","status":"publish","type":"post","link":"https:\/\/www.solidarnosc.org.pl\/dok\/1981\/09\/05\/uchwala-i-kzd-ws-swobody-porusza%c2%adnia-sie-oraz-wyboru-miejsca-pracy-i-zamieszkania-2681\/","title":{"rendered":"Uchwa\u0142a I KZD ws. swobody porusza\u00adnia si\u0119 oraz wyboru miejsca pracy i zamieszkania (26\/81)"},"content":{"rendered":"<p style=\"text-align: justify;\">Wolno\u015b\u0107 osobista cz\u0142owieka wyra\u017ca si\u0119 mi\u0119dzy innymi swobod\u0105 porusza\u00adnia si\u0119 oraz wyboru miejsca pracy i zamieszkania, w tym r\u00f3wnie\u017c poza granicami swego kraju. Ten element wolno\u015bci osobistej by\u0142 i jest w na\u00adszym kraju naruszany, co wyra\u017ca si\u0119 utrudnianiem Polakom wyjazd\u00f3w za granic\u0119 oraz powrot\u00f3w do Polski emigrantom. Decyzje w\u0142adz w tej sprawie motywowane s\u0105 opacznie pojmowanymi celami ekonomicznymi, a nie wzgl\u0119dami humanitarnymi. Trzeba tu wspomnie\u0107 o problemie Mazur\u00f3w, Warmiak\u00f3w i \u015al\u0105zak\u00f3w, kt\u00f3rzy opu\u015bcili kraj w ramach tzw. akcji \u0142\u0105czenia rodzin, co w rzeczywisto\u015bci sprowadzono do haniebnej transakcji handlo\u00adwej. Nie zrobiono nic, by ludno\u015b\u0107 t\u0119 zwi\u0105za\u0107 silniej z naszym krajem. Niszczony jest ich styl \u017cycia, obyczaje, najwy\u017csze warto\u015bci. Bolesne to sprawy, tym bardziej, \u017ce ludziom tym odci\u0119to mo\u017cliwo\u015b\u0107 powrotu. Problem ten dotyczy r\u00f3wnie\u017c emigrant\u00f3w politycznych. Utrudnienia w zakresie swobody migracji ludno\u015bci wynikaj\u0105 z niekorzystnych przepis\u00f3w praw\u00adnych, funkcjonuj\u0105cego re\u017cimu, procedur administracyjnych, stosowanych przez MSW i MO. \u017b\u0105damy usuni\u0119cia tych utrudnie\u0144 poprzez:<\/p>\n<p style=\"text-align: justify;\">1) Wprowadzenie akt\u00f3w legislacyjnych respektuj\u0105cych prawo wyboru przez cz\u0142owieka kraju, w kt\u00f3rym zamierza zamieszka\u0107 i pracowa\u0107 zgodnie, z Kart\u0105 Praw Cz\u0142owieka i Obywatela, ratyfikowan\u0105 przez Polsk\u0119.<\/p>\n<p style=\"text-align: justify;\">2) Wprowadzenia akt\u00f3w legislacyjnych umo\u017cliwiaj\u0105cych powroty wszyst\u00adkim emigrantom \u2014 mi\u0119dzy innymi poprzez wprowadzenie mo\u017cliwo\u015bci po\u00adsiadania podw\u00f3jnego obywatelstwa.<\/p>\n<p style=\"text-align: justify;\">3) Zlikwidowanie utrudnie\u0144 administracyjnych w bie\u017c\u0105cej praktyce wy\u00addawania paszport\u00f3w.<\/p>\n<p style=\"text-align: justify;\">4) Zlikwidowanie przewlek\u0142ego trybu wydawania paszport\u00f3w, przez wpro\u00adwadzenie prawnych mo\u017cliwo\u015bci posiadania sta\u0142ego paszportu przez obywa\u00adteli PRL.<\/p>\n","protected":false},"excerpt":{"rendered":"<p>Wolno\u015b\u0107 osobista cz\u0142owieka wyra\u017ca si\u0119 mi\u0119dzy innymi swobod\u0105 porusza\u00adnia si\u0119 oraz wyboru miejsca pracy i zamieszkania, w tym r\u00f3wnie\u017c poza granicami swego kraju. Ten element wolno\u015bci osobistej by\u0142 i jest w na\u00adszym kraju naruszany, co wyra\u017ca si\u0119 utrudnianiem Polakom wyjazd\u00f3w za granic\u0119 oraz powrot\u00f3w do Polski emigrantom. Decyzje w\u0142adz w tej sprawie motywowane s\u0105 opacznie [&hellip;]<\/p>\n","protected":false},"author":3,"featured_media":0,"comment_status":"closed","ping_status":"closed","sticky":false,"template":"","format":"standard","meta":{"footnotes":""},"categories":[17,16],"tags":[2637,2648,2639,2636,62,2638],"class_list":["post-491","post","type-post","status-publish","format-standard","hentry","category-1kzd","category-dokkzd","tag-2637","tag-26-81","tag-i-kzd","tag-kzd","tag-uchwala","tag-uchwala-kzd"],"_links":{"self":[{"href":"https:\/\/www.solidarnosc.org.pl\/dok\/wp-json\/wp\/v2\/posts\/491","targetHints":{"allow":["GET"]}}],"collection":[{"href":"https:\/\/www.solidarnosc.org.pl\/dok\/wp-json\/wp\/v2\/posts"}],"about":[{"href":"https:\/\/www.solidarnosc.org.pl\/dok\/wp-json\/wp\/v2\/types\/post"}],"author":[{"embeddable":true,"href":"https:\/\/www.solidarnosc.org.pl\/dok\/wp-json\/wp\/v2\/users\/3"}],"replies":[{"embeddable":true,"href":"https:\/\/www.solidarnosc.org.pl\/dok\/wp-json\/wp\/v2\/comments?post=491"}],"version-history":[{"count":2,"href":"https:\/\/www.solidarnosc.org.pl\/dok\/wp-json\/wp\/v2\/posts\/491\/revisions"}],"predecessor-version":[{"id":493,"href":"https:\/\/www.solidarnosc.org.pl\/dok\/wp-json\/wp\/v2\/posts\/491\/revisions\/493"}],"wp:attachment":[{"href":"https:\/\/www.solidarnosc.org.pl\/dok\/wp-json\/wp\/v2\/media?parent=491"}],"wp:term":[{"taxonomy":"category","embeddable":true,"href":"https:\/\/www.solidarnosc.org.pl\/dok\/wp-json\/wp\/v2\/categories?post=491"},{"taxonomy":"post_tag","embeddable":true,"href":"https:\/\/www.solidarnosc.org.pl\/dok\/wp-json\/wp\/v2\/tags?post=491"}],"curies":[{"name":"wp","href":"https:\/\/api.w.org\/{rel}","templated":true}]}}