{"id":4906,"date":"2013-05-28T12:44:09","date_gmt":"2013-05-28T10:44:09","guid":{"rendered":"http:\/\/www.solidarnosc.org.pl\/dok\/?p=4906"},"modified":"2013-05-29T12:48:43","modified_gmt":"2013-05-29T10:48:43","slug":"decyzja-prezydium-kk-nr-822013-ws-wyrejestrowania-krajowej-sekcji-pracownikow-przemyslu-mechanizacji-rolnictwa-nszz-solidarnosc","status":"publish","type":"post","link":"https:\/\/www.solidarnosc.org.pl\/dok\/2013\/05\/28\/decyzja-prezydium-kk-nr-822013-ws-wyrejestrowania-krajowej-sekcji-pracownikow-przemyslu-mechanizacji-rolnictwa-nszz-solidarnosc\/","title":{"rendered":"Decyzja Prezydium KK nr 82\/2013 ws. wyrejestrowania Krajowej Sekcji Pracownik\u00f3w Przemys\u0142u  Mechanizacji Rolnictwa NSZZ \u201eSolidarno\u015b\u0107\u201d"},"content":{"rendered":"<p>Prezydium Komisji Krajowej NSZZ \u201eSolidarno\u015b\u0107\u201d, dzia\u0142aj\u0105c na podstawie postanowie\u0144 \u00a7 26 ust. 1 Statutu NSZZ \u201eSolidarno\u015b\u0107\u201d oraz \u00a7 10 ust. 1 uchwa\u0142y nr 4 XIX KZD, zmienionej uchwa\u0142\u0105 nr 4 XX KZD postanawia wykre\u015bli\u0107 z Rejestru Krajowych Sekcji Bran\u017cowych sekcj\u0119 o nazwie: Krajowa Sekcja Pracownik\u00f3w Przemys\u0142u Mechanizacji Rolnictwa\u00a0NSZZ\u00a0\u201eSolidarno\u015b\u0107\u201d.<\/p>\n<p>Decyzja wchodzi w \u017cycie z dniem podj\u0119cia.<\/p>\n<p>&nbsp;<\/p>\n","protected":false},"excerpt":{"rendered":"<p>Prezydium Komisji Krajowej NSZZ \u201eSolidarno\u015b\u0107\u201d, dzia\u0142aj\u0105c na podstawie postanowie\u0144 \u00a7 26 ust. 1 Statutu NSZZ \u201eSolidarno\u015b\u0107\u201d oraz \u00a7 10 ust. 1 uchwa\u0142y nr 4 XIX KZD, zmienionej uchwa\u0142\u0105 nr 4 XX KZD postanawia wykre\u015bli\u0107 z Rejestru Krajowych Sekcji Bran\u017cowych sekcj\u0119 o nazwie: Krajowa Sekcja Pracownik\u00f3w Przemys\u0142u Mechanizacji Rolnictwa\u00a0NSZZ\u00a0\u201eSolidarno\u015b\u0107\u201d. Decyzja wchodzi w \u017cycie z dniem podj\u0119cia. [&hellip;]<\/p>\n","protected":false},"author":3,"featured_media":0,"comment_status":"closed","ping_status":"closed","sticky":false,"template":"","format":"standard","meta":{"footnotes":""},"categories":[54,9],"tags":[230,995,61,536,534],"class_list":["post-4906","post","type-post","status-publish","format-standard","hentry","category-2013prezydium","category-dokprez","tag-230","tag-82-2013","tag-decyzja","tag-decyzja-prezydium","tag-prezydium"],"_links":{"self":[{"href":"https:\/\/www.solidarnosc.org.pl\/dok\/wp-json\/wp\/v2\/posts\/4906","targetHints":{"allow":["GET"]}}],"collection":[{"href":"https:\/\/www.solidarnosc.org.pl\/dok\/wp-json\/wp\/v2\/posts"}],"about":[{"href":"https:\/\/www.solidarnosc.org.pl\/dok\/wp-json\/wp\/v2\/types\/post"}],"author":[{"embeddable":true,"href":"https:\/\/www.solidarnosc.org.pl\/dok\/wp-json\/wp\/v2\/users\/3"}],"replies":[{"embeddable":true,"href":"https:\/\/www.solidarnosc.org.pl\/dok\/wp-json\/wp\/v2\/comments?post=4906"}],"version-history":[{"count":1,"href":"https:\/\/www.solidarnosc.org.pl\/dok\/wp-json\/wp\/v2\/posts\/4906\/revisions"}],"predecessor-version":[{"id":4908,"href":"https:\/\/www.solidarnosc.org.pl\/dok\/wp-json\/wp\/v2\/posts\/4906\/revisions\/4908"}],"wp:attachment":[{"href":"https:\/\/www.solidarnosc.org.pl\/dok\/wp-json\/wp\/v2\/media?parent=4906"}],"wp:term":[{"taxonomy":"category","embeddable":true,"href":"https:\/\/www.solidarnosc.org.pl\/dok\/wp-json\/wp\/v2\/categories?post=4906"},{"taxonomy":"post_tag","embeddable":true,"href":"https:\/\/www.solidarnosc.org.pl\/dok\/wp-json\/wp\/v2\/tags?post=4906"}],"curies":[{"name":"wp","href":"https:\/\/api.w.org\/{rel}","templated":true}]}}