{"id":489,"date":"1981-09-05T19:00:09","date_gmt":"1981-09-05T17:00:09","guid":{"rendered":"http:\/\/www.solidarnosc.org.pl\/dok\/?p=489"},"modified":"2012-09-28T19:02:29","modified_gmt":"2012-09-28T17:02:29","slug":"uchwala-i-kzd-ws-zalozen-do-projektu-ustawy-o-radach-narodowych-2581","status":"publish","type":"post","link":"https:\/\/www.solidarnosc.org.pl\/dok\/1981\/09\/05\/uchwala-i-kzd-ws-zalozen-do-projektu-ustawy-o-radach-narodowych-2581\/","title":{"rendered":"Uchwa\u0142a I KZD ws. \u201eZa\u0142o\u017ce\u0144 do projektu ustawy o radach narodowych\u201d  (25\/81)"},"content":{"rendered":"<p style=\"text-align: justify;\">W zwi\u0105zku z opublikowaniem przez Zesp\u00f3\u0142 Rady Pa\u0144stwa \u201eZa\u0142o\u017ce\u0144 do projektu ustawy o radach narodowych\u201d i zbli\u017caj\u0105cym si\u0119 terminem up\u0142ywu kadencji rad narodowych stopnia podstawowego (5 luty 1982 r.) I Zjazd Delegat\u00f3w stwierdza, co nast\u0119puje:<\/p>\n<p style=\"text-align: justify;\">\u201eZa\u0142o\u017cenia\u201d zmierzaj\u0105 do utrzymania dotychczasowej roli FJN, w szczeg\u00f3l\u00adno\u015bci przewiduj\u0105 one, \u017ce FJN zachowa dotychczasow\u0105 wy\u0142\u0105czno\u015b\u0107 w za\u00adkresie opracowywania programu wyborczego i zg\u0142aszania kandydat\u00f3w na radnych, a radnych zobowi\u0105zuj\u0105 do wsp\u00f3\u0142dzia\u0142ania z FJN.<\/p>\n<p style=\"text-align: justify;\">Uniemo\u017cliwia to spo\u0142ecze\u0144stwu zaprezentowanie swej woli, a tym samym narusza podstawow\u0105 zasad\u0119 Konstytucji PRL, w my\u015bl kt\u00f3rej w\u0142adza w Pol\u00adsce nale\u017cy do ludu pracuj\u0105cego miast i wsi. Nie ma praworz\u0105dno\u015bci, do\u00adp\u00f3ki zasada ta nie jest respektowana.<\/p>\n<p style=\"text-align: justify;\">Droga do realizacji suwerenno\u015bci narodu wiedzie przez demokratyczne wybory do cia\u0142 przedstawicielskich.<\/p>\n<p style=\"text-align: justify;\">Domagamy si\u0119, aby ordynacje wyborcze do cia\u0142 przedstawicielskich za\u00adpe\u0142ni\u0142y organizacjom spo\u0142ecznym i politycznym swobod\u0119 zg\u0142aszania kandy\u00addat\u00f3w. Pozostawienie danej organizacji poza FJN nie powinno ogranicza\u0107 tego prawa. Prawo zg\u0142aszania kandydat\u00f3w winny mie\u0107 tak\u017ce grupy obywa\u00adteli.<\/p>\n<p style=\"text-align: justify;\">Liczba kandydat\u00f3w winna by\u0107 nieograniczona. Tajno\u015b\u0107 g\u0142osowania oraz dokonanie aktu rzeczywistego wyboru musz\u0105 by\u0107 obowi\u0105zkowe. Wszystkie organizacje i grupy obywateli zg\u0142aszaj\u0105ce kandydat\u00f3w winny mie\u0107 swych m\u0119\u017c\u00f3w zaufania w komisjach wyborczych wszystkich szczebli.<\/p>\n<p style=\"text-align: justify;\">Wobec nadchodz\u0105cego terminu wybor\u00f3w do rad narodowych, zalecamy Komisji Krajowej powo\u0142anie zespo\u0142u do opracowania zwi\u0105zkowego projektu ordynacji wyborczej.<\/p>\n<p style=\"text-align: justify;\">\u017b\u0105damy wy\u0142\u0105czenia z opracowywanej ustawy o radach narodowych ja\u00adkichkolwiek sformu\u0142owa\u0144 determinuj\u0105cych przysz\u0142e zasady wyborcze. Za\u00ad\u0142o\u017cenia do projektu ustawy o radach narodowych opieraj\u0105 si\u0119 na obecnym podziale terytorialnym kraju, kt\u00f3ry zosta\u0142 \u017ale opracowany. Podzia\u0142 ten nie sprawdza si\u0119 w praktyce, czego dowodem s\u0105 liczne zg\u0142oszenia gmin, zak\u0142a\u00add\u00f3w i ca\u0142ych region\u00f3w o w\u0142\u0105czenie do innej jednostki administracyjnej.<\/p>\n<p style=\"text-align: justify;\">\u017b\u0105damy, aby ustawa o radach narodowych zapewnia\u0142a poszanowanie opi\u00adnii spo\u0142ecznej miast i gmin w sprawie podzia\u0142u administracyjnego.<\/p>\n","protected":false},"excerpt":{"rendered":"<p>W zwi\u0105zku z opublikowaniem przez Zesp\u00f3\u0142 Rady Pa\u0144stwa \u201eZa\u0142o\u017ce\u0144 do projektu ustawy o radach narodowych\u201d i zbli\u017caj\u0105cym si\u0119 terminem up\u0142ywu kadencji rad narodowych stopnia podstawowego (5 luty 1982 r.) I Zjazd Delegat\u00f3w stwierdza, co nast\u0119puje: \u201eZa\u0142o\u017cenia\u201d zmierzaj\u0105 do utrzymania dotychczasowej roli FJN, w szczeg\u00f3l\u00adno\u015bci przewiduj\u0105 one, \u017ce FJN zachowa dotychczasow\u0105 wy\u0142\u0105czno\u015b\u0107 w za\u00adkresie opracowywania programu [&hellip;]<\/p>\n","protected":false},"author":3,"featured_media":0,"comment_status":"closed","ping_status":"closed","sticky":false,"template":"","format":"standard","meta":{"footnotes":""},"categories":[17,16],"tags":[2637,2647,2639,2636,62,2638],"class_list":["post-489","post","type-post","status-publish","format-standard","hentry","category-1kzd","category-dokkzd","tag-2637","tag-25-81","tag-i-kzd","tag-kzd","tag-uchwala","tag-uchwala-kzd"],"_links":{"self":[{"href":"https:\/\/www.solidarnosc.org.pl\/dok\/wp-json\/wp\/v2\/posts\/489","targetHints":{"allow":["GET"]}}],"collection":[{"href":"https:\/\/www.solidarnosc.org.pl\/dok\/wp-json\/wp\/v2\/posts"}],"about":[{"href":"https:\/\/www.solidarnosc.org.pl\/dok\/wp-json\/wp\/v2\/types\/post"}],"author":[{"embeddable":true,"href":"https:\/\/www.solidarnosc.org.pl\/dok\/wp-json\/wp\/v2\/users\/3"}],"replies":[{"embeddable":true,"href":"https:\/\/www.solidarnosc.org.pl\/dok\/wp-json\/wp\/v2\/comments?post=489"}],"version-history":[{"count":1,"href":"https:\/\/www.solidarnosc.org.pl\/dok\/wp-json\/wp\/v2\/posts\/489\/revisions"}],"predecessor-version":[{"id":490,"href":"https:\/\/www.solidarnosc.org.pl\/dok\/wp-json\/wp\/v2\/posts\/489\/revisions\/490"}],"wp:attachment":[{"href":"https:\/\/www.solidarnosc.org.pl\/dok\/wp-json\/wp\/v2\/media?parent=489"}],"wp:term":[{"taxonomy":"category","embeddable":true,"href":"https:\/\/www.solidarnosc.org.pl\/dok\/wp-json\/wp\/v2\/categories?post=489"},{"taxonomy":"post_tag","embeddable":true,"href":"https:\/\/www.solidarnosc.org.pl\/dok\/wp-json\/wp\/v2\/tags?post=489"}],"curies":[{"name":"wp","href":"https:\/\/api.w.org\/{rel}","templated":true}]}}