{"id":487,"date":"1981-09-05T18:57:25","date_gmt":"1981-09-05T16:57:25","guid":{"rendered":"http:\/\/www.solidarnosc.org.pl\/dok\/?p=487"},"modified":"2012-09-28T18:59:54","modified_gmt":"2012-09-28T16:59:54","slug":"uchwala-i-kzd-ws-zobowiazania-kk-do-podjecia-praktycznych-dzialan-dla-udzielenia-pomocy-w-nauczaniu-historii-i-jezyka-ojczystego-oraz-nauk-spolecznych-2481","status":"publish","type":"post","link":"https:\/\/www.solidarnosc.org.pl\/dok\/1981\/09\/05\/uchwala-i-kzd-ws-zobowiazania-kk-do-podjecia-praktycznych-dzialan-dla-udzielenia-pomocy-w-nauczaniu-historii-i-jezyka-ojczystego-oraz-nauk-spolecznych-2481\/","title":{"rendered":"Uchwa\u0142a I KZD ws. zobowi\u0105zania KK do podj\u0119cia praktycznych dzia\u0142a\u0144 dla udzielenia pomocy w nauczaniu historii i j\u0119zyka ojczystego oraz nauk spo\u0142ecznych (24\/81)"},"content":{"rendered":"<p style=\"text-align: justify;\">Troska o wychowanie m\u0142odych pokole\u0144 w duchu prawdy i narodowej tradycji jest jednym z wa\u017cnych zada\u0144 naszego Zwi\u0105zku. Dlatego uczestnicy I Zjazdu Delegat\u00f3w zobowi\u0105zuj\u0105 Komisj\u0119 Krajow\u0105 do natychmiastowego podj\u0119cia praktycznych dzia\u0142a\u0144 dla udzielenia pomocy w nauczaniu historii i j\u0119zyka ojczystego oraz nauk spo\u0142ecznych. W tym celu Zwi\u0105zek powinien wyda\u0107 specjalne zeszyty, kt\u00f3re b\u0119d\u0105 s\u0142u\u017cy\u0142y jako pomoc w nauce historii, j\u0119zyka polskiego i nauk spo\u0142ecznych w szko\u0142ach i przy samokszta\u0142ceniu. Zeszyty te stan\u0105 si\u0119 r\u00f3wnie\u017c jednym z instrument\u00f3w spo\u0142ecznego wycho\u00adwania m\u0142odzie\u017cy.<\/p>\n","protected":false},"excerpt":{"rendered":"<p>Troska o wychowanie m\u0142odych pokole\u0144 w duchu prawdy i narodowej tradycji jest jednym z wa\u017cnych zada\u0144 naszego Zwi\u0105zku. Dlatego uczestnicy I Zjazdu Delegat\u00f3w zobowi\u0105zuj\u0105 Komisj\u0119 Krajow\u0105 do natychmiastowego podj\u0119cia praktycznych dzia\u0142a\u0144 dla udzielenia pomocy w nauczaniu historii i j\u0119zyka ojczystego oraz nauk spo\u0142ecznych. W tym celu Zwi\u0105zek powinien wyda\u0107 specjalne zeszyty, kt\u00f3re b\u0119d\u0105 s\u0142u\u017cy\u0142y jako [&hellip;]<\/p>\n","protected":false},"author":3,"featured_media":0,"comment_status":"closed","ping_status":"closed","sticky":false,"template":"","format":"standard","meta":{"footnotes":""},"categories":[17,16],"tags":[2637,2646,2639,2636,62,2638],"class_list":["post-487","post","type-post","status-publish","format-standard","hentry","category-1kzd","category-dokkzd","tag-2637","tag-24-81","tag-i-kzd","tag-kzd","tag-uchwala","tag-uchwala-kzd"],"_links":{"self":[{"href":"https:\/\/www.solidarnosc.org.pl\/dok\/wp-json\/wp\/v2\/posts\/487","targetHints":{"allow":["GET"]}}],"collection":[{"href":"https:\/\/www.solidarnosc.org.pl\/dok\/wp-json\/wp\/v2\/posts"}],"about":[{"href":"https:\/\/www.solidarnosc.org.pl\/dok\/wp-json\/wp\/v2\/types\/post"}],"author":[{"embeddable":true,"href":"https:\/\/www.solidarnosc.org.pl\/dok\/wp-json\/wp\/v2\/users\/3"}],"replies":[{"embeddable":true,"href":"https:\/\/www.solidarnosc.org.pl\/dok\/wp-json\/wp\/v2\/comments?post=487"}],"version-history":[{"count":1,"href":"https:\/\/www.solidarnosc.org.pl\/dok\/wp-json\/wp\/v2\/posts\/487\/revisions"}],"predecessor-version":[{"id":488,"href":"https:\/\/www.solidarnosc.org.pl\/dok\/wp-json\/wp\/v2\/posts\/487\/revisions\/488"}],"wp:attachment":[{"href":"https:\/\/www.solidarnosc.org.pl\/dok\/wp-json\/wp\/v2\/media?parent=487"}],"wp:term":[{"taxonomy":"category","embeddable":true,"href":"https:\/\/www.solidarnosc.org.pl\/dok\/wp-json\/wp\/v2\/categories?post=487"},{"taxonomy":"post_tag","embeddable":true,"href":"https:\/\/www.solidarnosc.org.pl\/dok\/wp-json\/wp\/v2\/tags?post=487"}],"curies":[{"name":"wp","href":"https:\/\/api.w.org\/{rel}","templated":true}]}}