{"id":484,"date":"1981-09-05T18:54:46","date_gmt":"1981-09-05T16:54:46","guid":{"rendered":"http:\/\/www.solidarnosc.org.pl\/dok\/?p=484"},"modified":"2012-09-28T18:56:45","modified_gmt":"2012-09-28T16:56:45","slug":"uchwala-i-kzd-ws-wydarzen-bydgoskich-i-pociagniecia-winnych-do-odpowiedzialnosci-2381","status":"publish","type":"post","link":"https:\/\/www.solidarnosc.org.pl\/dok\/1981\/09\/05\/uchwala-i-kzd-ws-wydarzen-bydgoskich-i-pociagniecia-winnych-do-odpowiedzialnosci-2381\/","title":{"rendered":"Uchwa\u0142a I KZD ws. wydarze\u0144 bydgoskich i poci\u0105gni\u0119cia winnych do odpowiedzialno\u015bci (23\/81)"},"content":{"rendered":"<p style=\"text-align: justify;\">Przez kilka miesi\u0119cy spo\u0142ecze\u0144stwo z uwag\u0105 \u015bledzi\u0142o przebieg post\u0119po\u00adwania karnego przygotowawczego, prowadzonego w celu ustalenia winnych wydarze\u0144 bydgoskich i poci\u0105gni\u0119cia ich do odpowiedzialno\u015bci karnej. Wy\u00adniki \u015bledztwa mia\u0142y przekona\u0107 wszystkich o r\u00f3wno\u015bci wobec prawa, o tym, \u017ce nikt nie mo\u017ce sta\u0107 ponad prawem.<\/p>\n<p style=\"text-align: justify;\">Umorzenie post\u0119powania karnego wobec os\u00f3b winnych ewidentnego \u0142a\u00admania praworz\u0105dno\u015bci godzi w podstawowe gwarancje zawartych porozu\u00admie\u0144 spo\u0142ecznych, godzi w poczucie bezpiecze\u0144stwa ka\u017cdego obywatela. Dzia\u0142ania takie podwa\u017caj\u0105 zaufanie do linii porozumie\u0144 spo\u0142ecznych. Po\u00adnadto umorzenie post\u0119powania karnego w sprawie bydgoskiej \u015bwiadczy o tym, \u017ce Prokuratura w Polsce nie spe\u0142nia nadal swoich funkcji stra\u017cnika praworz\u0105dno\u015bci, organu z mocy ustawy powo\u0142anego do nadzoru nad przestrzeganiem prawa i do \u015bcigania winnych jego naruszania.<\/p>\n<p style=\"text-align: justify;\">Przypominamy, \u017ce nie ustalono nigdy winnych naruszania prawa przez osoby sprawuj\u0105ce w\u0142adz\u0119 \u2014 w tym tragicznych wydarze\u0144 roku 1956 i 1970, w kt\u00f3rych zgin\u0119li robotnicy walcz\u0105cy o godno\u015b\u0107. Dzia\u0142anie Prokuratury, jak wskazuje na to sprawa bydgoska, nie uleg\u0142o zmianie.<\/p>\n<p style=\"text-align: justify;\">Nasz Zjazd, jako najwy\u017csza w\u0142adza Zwi\u0105zku, wyra\u017ca votum nieufno\u015bci Prokuraturze i osobi\u015bcie Prokuratorowi Generalnemu Lucjanowi Czubi\u0144skiemu. Zjazd zwraca si\u0119 do Rady Pa\u0144stwa o odwo\u0142anie L. Czubi\u0144skiego ze stanowiska oraz przedsi\u0119wzi\u0119cie innych \u015brodk\u00f3w przywracaj\u0105cych Pro\u00adkuraturze jej w\u0142a\u015bciw\u0105 funkcj\u0119.<\/p>\n<p style=\"text-align: justify;\">I Zjazd Delegat\u00f3w NSZZ \u201eSolidarno\u015b\u0107\u201d w pe\u0142ni podziela stanowisko Za\u00adrz\u0105du Regionu Bydgoskiego NSZZ \u201eSolidarno\u015b\u0107\u201d wyra\u017cone w o\u015bwiadczeniu i uchwale z dnia 3 wrze\u015bnia, podj\u0119tej w zwi\u0105zku z umorzeniem \u015bledztwa w sprawie tzw. wydarze\u0144 bydgoskich. Zjazd daje wyraz przekonaniu, \u017ce s\u0142uszne \u017c\u0105dania Regionu Bydgoskiego zostan\u0105 w pe\u0142ni zrealizowane.<\/p>\n<p style=\"text-align: justify;\">Delegaci I Zjazdu Delegat\u00f3w NSZZ \u201eSolidarno\u015b\u0107\u201d przyjmuj\u0105 na siebie gwarancje w\u0142\u0105czenia \u201esprawy bydgoskiej\u201d i szeregu innych spraw nosz\u0105\u00adcych znamiona \u0142amania praworz\u0105dno\u015bci jako jednego z zasadniczych punk\u00adt\u00f3w programu i strategii Zwi\u0105zku w obronie podstawowych praw cz\u0142o\u00adwieka. Obrona tych praw nale\u017cy do statutowych obowi\u0105zk\u00f3w Zwi\u0105zku.<\/p>\n","protected":false},"excerpt":{"rendered":"<p>Przez kilka miesi\u0119cy spo\u0142ecze\u0144stwo z uwag\u0105 \u015bledzi\u0142o przebieg post\u0119po\u00adwania karnego przygotowawczego, prowadzonego w celu ustalenia winnych wydarze\u0144 bydgoskich i poci\u0105gni\u0119cia ich do odpowiedzialno\u015bci karnej. Wy\u00adniki \u015bledztwa mia\u0142y przekona\u0107 wszystkich o r\u00f3wno\u015bci wobec prawa, o tym, \u017ce nikt nie mo\u017ce sta\u0107 ponad prawem. Umorzenie post\u0119powania karnego wobec os\u00f3b winnych ewidentnego \u0142a\u00admania praworz\u0105dno\u015bci godzi w podstawowe gwarancje [&hellip;]<\/p>\n","protected":false},"author":3,"featured_media":0,"comment_status":"closed","ping_status":"closed","sticky":false,"template":"","format":"standard","meta":{"footnotes":""},"categories":[17,16],"tags":[2637,2645,2639,2636,62,2638],"class_list":["post-484","post","type-post","status-publish","format-standard","hentry","category-1kzd","category-dokkzd","tag-2637","tag-23-81","tag-i-kzd","tag-kzd","tag-uchwala","tag-uchwala-kzd"],"_links":{"self":[{"href":"https:\/\/www.solidarnosc.org.pl\/dok\/wp-json\/wp\/v2\/posts\/484","targetHints":{"allow":["GET"]}}],"collection":[{"href":"https:\/\/www.solidarnosc.org.pl\/dok\/wp-json\/wp\/v2\/posts"}],"about":[{"href":"https:\/\/www.solidarnosc.org.pl\/dok\/wp-json\/wp\/v2\/types\/post"}],"author":[{"embeddable":true,"href":"https:\/\/www.solidarnosc.org.pl\/dok\/wp-json\/wp\/v2\/users\/3"}],"replies":[{"embeddable":true,"href":"https:\/\/www.solidarnosc.org.pl\/dok\/wp-json\/wp\/v2\/comments?post=484"}],"version-history":[{"count":2,"href":"https:\/\/www.solidarnosc.org.pl\/dok\/wp-json\/wp\/v2\/posts\/484\/revisions"}],"predecessor-version":[{"id":486,"href":"https:\/\/www.solidarnosc.org.pl\/dok\/wp-json\/wp\/v2\/posts\/484\/revisions\/486"}],"wp:attachment":[{"href":"https:\/\/www.solidarnosc.org.pl\/dok\/wp-json\/wp\/v2\/media?parent=484"}],"wp:term":[{"taxonomy":"category","embeddable":true,"href":"https:\/\/www.solidarnosc.org.pl\/dok\/wp-json\/wp\/v2\/categories?post=484"},{"taxonomy":"post_tag","embeddable":true,"href":"https:\/\/www.solidarnosc.org.pl\/dok\/wp-json\/wp\/v2\/tags?post=484"}],"curies":[{"name":"wp","href":"https:\/\/api.w.org\/{rel}","templated":true}]}}