{"id":4834,"date":"2013-05-06T11:31:45","date_gmt":"2013-05-06T09:31:45","guid":{"rendered":"http:\/\/www.solidarnosc.org.pl\/dok\/?p=4834"},"modified":"2013-05-10T11:33:11","modified_gmt":"2013-05-10T09:33:11","slug":"decyzja-prezydium-kk-nr-662013-ws-upowaznienia-ksmmir-do-dopisania-statku-sudety-do-ukladu-zbiorowego-pracy","status":"publish","type":"post","link":"https:\/\/www.solidarnosc.org.pl\/dok\/2013\/05\/06\/decyzja-prezydium-kk-nr-662013-ws-upowaznienia-ksmmir-do-dopisania-statku-sudety-do-ukladu-zbiorowego-pracy\/","title":{"rendered":"Decyzja Prezydium KK nr 66\/2013 ws. upowa\u017cnienia KSMMiR do dopisania statku \u201eSudety\u201d  do uk\u0142adu zbiorowego pracy"},"content":{"rendered":"<p>Prezydium Komisji Krajowej NSZZ \u201eSolidarno\u015b\u0107\u201d upowa\u017cnia Krajow\u0105 Sekcj\u0119 Morsk\u0105 Marynarzy i Rybak\u00f3w do wpisania statku \u201eSUDETY\u201d, bandery liberyjskiej (numer IMO 9582518) do istniej\u0105cego uk\u0142adu zbiorowego pracy \u2013 IBF CYFADACO\/NMS<br \/>\nNSZZ \u201eSolidarno\u015b\u0107\u201d &amp; SFTUF TCC AGREEMENT.<strong><\/strong><\/p>\n","protected":false},"excerpt":{"rendered":"<p>Prezydium Komisji Krajowej NSZZ \u201eSolidarno\u015b\u0107\u201d upowa\u017cnia Krajow\u0105 Sekcj\u0119 Morsk\u0105 Marynarzy i Rybak\u00f3w do wpisania statku \u201eSUDETY\u201d, bandery liberyjskiej (numer IMO 9582518) do istniej\u0105cego uk\u0142adu zbiorowego pracy \u2013 IBF CYFADACO\/NMS NSZZ \u201eSolidarno\u015b\u0107\u201d &amp; SFTUF TCC AGREEMENT.<\/p>\n","protected":false},"author":3,"featured_media":0,"comment_status":"closed","ping_status":"closed","sticky":false,"template":"","format":"standard","meta":{"footnotes":""},"categories":[54,9],"tags":[230,981,61,536,534],"class_list":["post-4834","post","type-post","status-publish","format-standard","hentry","category-2013prezydium","category-dokprez","tag-230","tag-66-2013","tag-decyzja","tag-decyzja-prezydium","tag-prezydium"],"_links":{"self":[{"href":"https:\/\/www.solidarnosc.org.pl\/dok\/wp-json\/wp\/v2\/posts\/4834","targetHints":{"allow":["GET"]}}],"collection":[{"href":"https:\/\/www.solidarnosc.org.pl\/dok\/wp-json\/wp\/v2\/posts"}],"about":[{"href":"https:\/\/www.solidarnosc.org.pl\/dok\/wp-json\/wp\/v2\/types\/post"}],"author":[{"embeddable":true,"href":"https:\/\/www.solidarnosc.org.pl\/dok\/wp-json\/wp\/v2\/users\/3"}],"replies":[{"embeddable":true,"href":"https:\/\/www.solidarnosc.org.pl\/dok\/wp-json\/wp\/v2\/comments?post=4834"}],"version-history":[{"count":1,"href":"https:\/\/www.solidarnosc.org.pl\/dok\/wp-json\/wp\/v2\/posts\/4834\/revisions"}],"predecessor-version":[{"id":4836,"href":"https:\/\/www.solidarnosc.org.pl\/dok\/wp-json\/wp\/v2\/posts\/4834\/revisions\/4836"}],"wp:attachment":[{"href":"https:\/\/www.solidarnosc.org.pl\/dok\/wp-json\/wp\/v2\/media?parent=4834"}],"wp:term":[{"taxonomy":"category","embeddable":true,"href":"https:\/\/www.solidarnosc.org.pl\/dok\/wp-json\/wp\/v2\/categories?post=4834"},{"taxonomy":"post_tag","embeddable":true,"href":"https:\/\/www.solidarnosc.org.pl\/dok\/wp-json\/wp\/v2\/tags?post=4834"}],"curies":[{"name":"wp","href":"https:\/\/api.w.org\/{rel}","templated":true}]}}