{"id":480,"date":"1981-09-07T18:51:07","date_gmt":"1981-09-07T16:51:07","guid":{"rendered":"http:\/\/www.solidarnosc.org.pl\/dok\/?p=480"},"modified":"2012-09-28T18:53:09","modified_gmt":"2012-09-28T16:53:09","slug":"list-do-polonii-calego-swiata-2281","status":"publish","type":"post","link":"https:\/\/www.solidarnosc.org.pl\/dok\/1981\/09\/07\/list-do-polonii-calego-swiata-2281\/","title":{"rendered":"LIST DO POLONII CA\u0141EGO \u015aWIATA (22\/81)"},"content":{"rendered":"<p style=\"text-align: justify;\"><strong>LIST DO POLONII CA\u0141EGO \u015aWIATA<\/strong><\/p>\n<p style=\"text-align: justify;\">I Zjazd Delegat\u00f3w NSZZ \u201eSolidarno\u015b\u0107\u201d, obraduj\u0105cy w Gda\u0144sku, maj\u0105c na wzgl\u0119dzie prawo wszystkich Polak\u00f3w, bez wzgl\u0119du na ich miejsce za\u00admieszkania, do zwi\u0105zku z Ojczyzn\u0105 \u2014 kieruje do Polak\u00f3w ca\u0142ego \u015bwiata nast\u0119puj\u0105ce pos\u0142anie:<\/p>\n<p style=\"text-align: justify;\">Ojczyzna nasza prze\u017cywa wielkie chwile. Wa\u017c\u0105 si\u0119 losy naszego narodu. Tu, nad Wis\u0142\u0105, rodzi si\u0119 nowa Polska, kt\u00f3rej fundamentem jest spo\u0142eczne i narodowe braterstwo. Zrodzona z woli ca\u0142ego narodu \u201eSolidarno\u015b\u0107\u201d jest nie tylko zwi\u0105zkiem zawodowym ludzi pracy, lecz jest jednocze\u015bnie obywa\u00adtelskim ruchem spo\u0142ecznym ludzi \u015bwiadomych swych praw, jak r\u00f3wnie\u017c obowi\u0105zk\u00f3w wobec Ojczyzny i jej niepodleg\u0142o\u015bci.<\/p>\n<p style=\"text-align: justify;\">Od chwili powstania naszego Zwi\u0105zku do\u015bwiadczali\u015bmy poparcia i po\u00admocy Polak\u00f3w rozproszonych po ca\u0142ym \u015bwiecie. Jest to powodem naszej dumy. Wiemy, \u017ce nie tylko przechowywali\u015bcie skarb polskiej mowy, lecz wydali\u015bcie z siebie nowe skarby literatury, kultury i nauki. Jest to nasz wsp\u00f3lny dorobek, gdy\u017c kultura polska jest niepodzielna. W wielu cz\u0119\u015bciach \u015bwiata pokolenia Polak\u00f3w zdobywaj\u0105 sobie szacunek i uznanie za wk\u0142ad w rozw\u00f3j kraj\u00f3w swego zamieszkania.<\/p>\n<p style=\"text-align: justify;\">Pami\u0119tajcie, \u017ce \u0142\u0105czy nas historia, kultura i tradycja narodowa. \u0141\u0105czy nas te\u017c w spos\u00f3b szczeg\u00f3lny \u017cywy symbol jedno\u015bci Polak\u00f3w \u2014 Wielki Aposto\u0142 Mi\u0142o\u015bci i Prawdy \u2014 nasz Brat Jan Pawe\u0142 II.<\/p>\n<p style=\"text-align: justify;\">Nie z naszej winy pr\u00f3bowano wielu z Was wymaza\u0107 z narodowej pami\u0119\u00adci. Dzi\u015b w imi\u0119 prawdy i sprawiedliwo\u015bci najwy\u017csze zgromadzenie NSZZ \u201eSolidarno\u015b\u0107\u201d pochyla swoje sztandary nad grobami polskich \u017co\u0142nierzy roz\u00adsianymi po ca\u0142ym \u015bwiecie. Oddajemy te\u017c ho\u0142d tym wszystkim, kt\u00f3rzy w imi\u0119 mi\u0142o\u015bci Ojczyzny prowadzili i prowadz\u0105 dzia\u0142alno\u015b\u0107 na rzecz sprawy pol\u00adskiej. W szczeg\u00f3lno\u015bci pragniemy, aby te s\u0142owa dotar\u0142y do tych wszystkich, kt\u00f3rzy za swoj\u0105 patriotyczn\u0105 dzia\u0142alno\u015b\u0107 skazywani byli w kraju na zapomnienie.<\/p>\n<p style=\"text-align: justify;\">Nasz\u0105 pami\u0119\u0107 i szczeg\u00f3lne uczucia kierujemy do tych Polak\u00f3w, kt\u00f3rzy do dzi\u015b nie mog\u0105 znale\u017a\u0107 oparcia w \u017cadnej organizacji polonijnej, kt\u00f3rym do dzi\u015b odmawia si\u0119 prawa do w\u0142asnego j\u0119zyka, kultury, historii i obywa\u00adtelstwa. B\u0119dziemy przypomina\u0107 \u015bwiatu o Waszym prawie do tworzenia w\u0142asnych organizacji kulturalnych i spo\u0142ecznych, do szko\u0142y polskiej. Uzna\u00adjemy stworzone przez Was struktury organizacyjne, kt\u00f3re s\u0142u\u017c\u0105 polskiej sprawie i przyja\u017ani z innymi narodami.<\/p>\n<p style=\"text-align: justify;\">Wszystkim Warn przy\u015bwieca ta sama idea \u2014 szcz\u0119\u015bliwa i spokojna Polska.<\/p>\n<p style=\"text-align: justify;\">Przyjmijcie nasze najserdeczniejsze podzi\u0119kowania i zapewnienia, \u017ce nie zboczymy z obranej drogi.<\/p>\n","protected":false},"excerpt":{"rendered":"<p>LIST DO POLONII CA\u0141EGO \u015aWIATA I Zjazd Delegat\u00f3w NSZZ \u201eSolidarno\u015b\u0107\u201d, obraduj\u0105cy w Gda\u0144sku, maj\u0105c na wzgl\u0119dzie prawo wszystkich Polak\u00f3w, bez wzgl\u0119du na ich miejsce za\u00admieszkania, do zwi\u0105zku z Ojczyzn\u0105 \u2014 kieruje do Polak\u00f3w ca\u0142ego \u015bwiata nast\u0119puj\u0105ce pos\u0142anie: Ojczyzna nasza prze\u017cywa wielkie chwile. Wa\u017c\u0105 si\u0119 losy naszego narodu. Tu, nad Wis\u0142\u0105, rodzi si\u0119 nowa Polska, kt\u00f3rej [&hellip;]<\/p>\n","protected":false},"author":3,"featured_media":0,"comment_status":"closed","ping_status":"closed","sticky":false,"template":"","format":"standard","meta":{"footnotes":""},"categories":[17,16],"tags":[2637,2653,2636,65,2652],"class_list":["post-480","post","type-post","status-publish","format-standard","hentry","category-1kzd","category-dokkzd","tag-2637","tag-22-81","tag-kzd","tag-list","tag-list-kzd"],"_links":{"self":[{"href":"https:\/\/www.solidarnosc.org.pl\/dok\/wp-json\/wp\/v2\/posts\/480","targetHints":{"allow":["GET"]}}],"collection":[{"href":"https:\/\/www.solidarnosc.org.pl\/dok\/wp-json\/wp\/v2\/posts"}],"about":[{"href":"https:\/\/www.solidarnosc.org.pl\/dok\/wp-json\/wp\/v2\/types\/post"}],"author":[{"embeddable":true,"href":"https:\/\/www.solidarnosc.org.pl\/dok\/wp-json\/wp\/v2\/users\/3"}],"replies":[{"embeddable":true,"href":"https:\/\/www.solidarnosc.org.pl\/dok\/wp-json\/wp\/v2\/comments?post=480"}],"version-history":[{"count":2,"href":"https:\/\/www.solidarnosc.org.pl\/dok\/wp-json\/wp\/v2\/posts\/480\/revisions"}],"predecessor-version":[{"id":482,"href":"https:\/\/www.solidarnosc.org.pl\/dok\/wp-json\/wp\/v2\/posts\/480\/revisions\/482"}],"wp:attachment":[{"href":"https:\/\/www.solidarnosc.org.pl\/dok\/wp-json\/wp\/v2\/media?parent=480"}],"wp:term":[{"taxonomy":"category","embeddable":true,"href":"https:\/\/www.solidarnosc.org.pl\/dok\/wp-json\/wp\/v2\/categories?post=480"},{"taxonomy":"post_tag","embeddable":true,"href":"https:\/\/www.solidarnosc.org.pl\/dok\/wp-json\/wp\/v2\/tags?post=480"}],"curies":[{"name":"wp","href":"https:\/\/api.w.org\/{rel}","templated":true}]}}