{"id":4782,"date":"2013-03-26T09:46:06","date_gmt":"2013-03-26T08:46:06","guid":{"rendered":"http:\/\/www.solidarnosc.org.pl\/dok\/?p=4782"},"modified":"2013-04-12T09:47:34","modified_gmt":"2013-04-12T07:47:34","slug":"decyzja-prezydium-kk-nr-492013-ws-partnerstwa-w-przygotowywanym-projekcie-dotyczacym-przygotowania-strategii-partnerstwa-przez-reprezentatywnych-partnerow-spolecznych","status":"publish","type":"post","link":"https:\/\/www.solidarnosc.org.pl\/dok\/2013\/03\/26\/decyzja-prezydium-kk-nr-492013-ws-partnerstwa-w-przygotowywanym-projekcie-dotyczacym-przygotowania-strategii-partnerstwa-przez-reprezentatywnych-partnerow-spolecznych\/","title":{"rendered":"Decyzja Prezydium KK nr 49\/2013 ws. partnerstwa w przygotowywanym projekcie dotycz\u0105cym przygotowania strategii partnerstwa przez reprezentatywnych partner\u00f3w spo\u0142ecznych"},"content":{"rendered":"<p>Prezydium Komisja Krajowej NSZZ \u201eSolidarno\u015b\u0107\u201d, bior\u0105c pod uwag\u0119 istot\u0119 przygotowywanego przez Pracodawc\u00f3w RP projektu dotycz\u0105cego opracowania strategii partnerstwa przez reprezentatywnych partner\u00f3w spo\u0142ecznych, realizowanej w przysz\u0142ej perspektywie finansowej, postanawia wzi\u0105\u0107 udzia\u0142 w projekcie jako partner, z chwil\u0105 jego realizacji.<\/p>\n","protected":false},"excerpt":{"rendered":"<p>Prezydium Komisja Krajowej NSZZ \u201eSolidarno\u015b\u0107\u201d, bior\u0105c pod uwag\u0119 istot\u0119 przygotowywanego przez Pracodawc\u00f3w RP projektu dotycz\u0105cego opracowania strategii partnerstwa przez reprezentatywnych partner\u00f3w spo\u0142ecznych, realizowanej w przysz\u0142ej perspektywie finansowej, postanawia wzi\u0105\u0107 udzia\u0142 w projekcie jako partner, z chwil\u0105 jego realizacji.<\/p>\n","protected":false},"author":3,"featured_media":0,"comment_status":"closed","ping_status":"closed","sticky":false,"template":"","format":"standard","meta":{"footnotes":""},"categories":[54,9],"tags":[230,964,61,536,534],"class_list":["post-4782","post","type-post","status-publish","format-standard","hentry","category-2013prezydium","category-dokprez","tag-230","tag-49-2013","tag-decyzja","tag-decyzja-prezydium","tag-prezydium"],"_links":{"self":[{"href":"https:\/\/www.solidarnosc.org.pl\/dok\/wp-json\/wp\/v2\/posts\/4782","targetHints":{"allow":["GET"]}}],"collection":[{"href":"https:\/\/www.solidarnosc.org.pl\/dok\/wp-json\/wp\/v2\/posts"}],"about":[{"href":"https:\/\/www.solidarnosc.org.pl\/dok\/wp-json\/wp\/v2\/types\/post"}],"author":[{"embeddable":true,"href":"https:\/\/www.solidarnosc.org.pl\/dok\/wp-json\/wp\/v2\/users\/3"}],"replies":[{"embeddable":true,"href":"https:\/\/www.solidarnosc.org.pl\/dok\/wp-json\/wp\/v2\/comments?post=4782"}],"version-history":[{"count":1,"href":"https:\/\/www.solidarnosc.org.pl\/dok\/wp-json\/wp\/v2\/posts\/4782\/revisions"}],"predecessor-version":[{"id":4784,"href":"https:\/\/www.solidarnosc.org.pl\/dok\/wp-json\/wp\/v2\/posts\/4782\/revisions\/4784"}],"wp:attachment":[{"href":"https:\/\/www.solidarnosc.org.pl\/dok\/wp-json\/wp\/v2\/media?parent=4782"}],"wp:term":[{"taxonomy":"category","embeddable":true,"href":"https:\/\/www.solidarnosc.org.pl\/dok\/wp-json\/wp\/v2\/categories?post=4782"},{"taxonomy":"post_tag","embeddable":true,"href":"https:\/\/www.solidarnosc.org.pl\/dok\/wp-json\/wp\/v2\/tags?post=4782"}],"curies":[{"name":"wp","href":"https:\/\/api.w.org\/{rel}","templated":true}]}}