{"id":478,"date":"1981-09-05T18:48:24","date_gmt":"1981-09-05T16:48:24","guid":{"rendered":"http:\/\/www.solidarnosc.org.pl\/dok\/?p=478"},"modified":"2012-09-28T18:54:39","modified_gmt":"2012-09-28T16:54:39","slug":"uchwala-i-kzd-ws-umowy-o-wspolpracy-ze-zwiazkiem-literatow-polskichze-stowarzyszeniem-filmowcow-polskich-ze-stowarzyszeniem-polskich-artystow-plastykow-oraz-z-niezaleznym-zrze%c2%adszeniem-studentow","status":"publish","type":"post","link":"https:\/\/www.solidarnosc.org.pl\/dok\/1981\/09\/05\/uchwala-i-kzd-ws-umowy-o-wspolpracy-ze-zwiazkiem-literatow-polskichze-stowarzyszeniem-filmowcow-polskich-ze-stowarzyszeniem-polskich-artystow-plastykow-oraz-z-niezaleznym-zrze%c2%adszeniem-studentow\/","title":{"rendered":"Uchwa\u0142a I KZD ws. umowy o wsp\u00f3\u0142pracy ze Zwi\u0105zkiem Literat\u00f3w Polskichze Stowarzyszeniem Filmowc\u00f3w Polskich, ze Stowarzyszeniem Polskich Artyst\u00f3w Plastyk\u00f3w oraz z Niezale\u017cnym Zrze\u00adszeniem Student\u00f3w (21\/81)"},"content":{"rendered":"<p style=\"text-align: justify;\">Zobowi\u0105zujemy krajowe w\u0142adze Zwi\u0105zku, kt\u00f3re zostan\u0105 wybrane na obec\u00adnym Zje\u017adzie, do podj\u0119cia stara\u0144 o podpisanie um\u00f3w o wsp\u00f3\u0142pracy ze Zwi\u0105zkiem Literat\u00f3w Polskich, ze Stowarzyszeniem Filmowc\u00f3w Polskich, ze Stowarzyszeniem Polskich Artyst\u00f3w Plastyk\u00f3w oraz z Niezale\u017cnym Zrze\u00adszeniem Student\u00f3w.<\/p>\n","protected":false},"excerpt":{"rendered":"<p>Zobowi\u0105zujemy krajowe w\u0142adze Zwi\u0105zku, kt\u00f3re zostan\u0105 wybrane na obec\u00adnym Zje\u017adzie, do podj\u0119cia stara\u0144 o podpisanie um\u00f3w o wsp\u00f3\u0142pracy ze Zwi\u0105zkiem Literat\u00f3w Polskich, ze Stowarzyszeniem Filmowc\u00f3w Polskich, ze Stowarzyszeniem Polskich Artyst\u00f3w Plastyk\u00f3w oraz z Niezale\u017cnym Zrze\u00adszeniem Student\u00f3w.<\/p>\n","protected":false},"author":3,"featured_media":0,"comment_status":"closed","ping_status":"closed","sticky":false,"template":"","format":"standard","meta":{"footnotes":""},"categories":[17,16],"tags":[2637,2644,2639,2636,62,2638],"class_list":["post-478","post","type-post","status-publish","format-standard","hentry","category-1kzd","category-dokkzd","tag-2637","tag-21-81","tag-i-kzd","tag-kzd","tag-uchwala","tag-uchwala-kzd"],"_links":{"self":[{"href":"https:\/\/www.solidarnosc.org.pl\/dok\/wp-json\/wp\/v2\/posts\/478","targetHints":{"allow":["GET"]}}],"collection":[{"href":"https:\/\/www.solidarnosc.org.pl\/dok\/wp-json\/wp\/v2\/posts"}],"about":[{"href":"https:\/\/www.solidarnosc.org.pl\/dok\/wp-json\/wp\/v2\/types\/post"}],"author":[{"embeddable":true,"href":"https:\/\/www.solidarnosc.org.pl\/dok\/wp-json\/wp\/v2\/users\/3"}],"replies":[{"embeddable":true,"href":"https:\/\/www.solidarnosc.org.pl\/dok\/wp-json\/wp\/v2\/comments?post=478"}],"version-history":[{"count":2,"href":"https:\/\/www.solidarnosc.org.pl\/dok\/wp-json\/wp\/v2\/posts\/478\/revisions"}],"predecessor-version":[{"id":483,"href":"https:\/\/www.solidarnosc.org.pl\/dok\/wp-json\/wp\/v2\/posts\/478\/revisions\/483"}],"wp:attachment":[{"href":"https:\/\/www.solidarnosc.org.pl\/dok\/wp-json\/wp\/v2\/media?parent=478"}],"wp:term":[{"taxonomy":"category","embeddable":true,"href":"https:\/\/www.solidarnosc.org.pl\/dok\/wp-json\/wp\/v2\/categories?post=478"},{"taxonomy":"post_tag","embeddable":true,"href":"https:\/\/www.solidarnosc.org.pl\/dok\/wp-json\/wp\/v2\/tags?post=478"}],"curies":[{"name":"wp","href":"https:\/\/api.w.org\/{rel}","templated":true}]}}