{"id":4760,"date":"2013-03-26T09:31:43","date_gmt":"2013-03-26T08:31:43","guid":{"rendered":"http:\/\/www.solidarnosc.org.pl\/dok\/?p=4760"},"modified":"2013-04-12T09:33:21","modified_gmt":"2013-04-12T07:33:21","slug":"decyzja-prezydium-kk-nr-432013-ws-opinii-o-projekcie-rozporzadzenia-mpips-oraz-men-ws-wykazu-bibliotek-organizacji-osob-niewidomych-lub-ociemnialych-oraz-organizacji-ktorych-celem-statutowym-jest","status":"publish","type":"post","link":"https:\/\/www.solidarnosc.org.pl\/dok\/2013\/03\/26\/decyzja-prezydium-kk-nr-432013-ws-opinii-o-projekcie-rozporzadzenia-mpips-oraz-men-ws-wykazu-bibliotek-organizacji-osob-niewidomych-lub-ociemnialych-oraz-organizacji-ktorych-celem-statutowym-jest\/","title":{"rendered":"Decyzja Prezydium KK nr 43\/2013 ws. opinii o projekcie rozporz\u0105dzenia MPiPS oraz MEN ws. wykazu bibliotek, organizacji os\u00f3b niewidomych lub ociemnia\u0142ych oraz organizacji, kt\u00f3rych celem statutowym jest dzia\u0142anie na rzecz os\u00f3b niewidomych lub ociemnia\u0142ych"},"content":{"rendered":"<p>Prezydium Komisji Krajowej NSZZ \u201eSolidarno\u015b\u0107\u201d nie wnosi uwag do projektu rozporz\u0105dzenia z dnia 19.02.2013 r. Ministra Pracy i Polityki Spo\u0142ecznej oraz Ministra Kultury i Dziedzictwa Narodowego ws. wykazu bibliotek, organizacji os\u00f3b niewidomych lub ociemnia\u0142ych oraz organizacji, kt\u00f3rych celem statutowym jest dzia\u0142anie na rzecz os\u00f3b niewidomych lub ociemnia\u0142ych.<\/p>\n","protected":false},"excerpt":{"rendered":"<p>Prezydium Komisji Krajowej NSZZ \u201eSolidarno\u015b\u0107\u201d nie wnosi uwag do projektu rozporz\u0105dzenia z dnia 19.02.2013 r. Ministra Pracy i Polityki Spo\u0142ecznej oraz Ministra Kultury i Dziedzictwa Narodowego ws. wykazu bibliotek, organizacji os\u00f3b niewidomych lub ociemnia\u0142ych oraz organizacji, kt\u00f3rych celem statutowym jest dzia\u0142anie na rzecz os\u00f3b niewidomych lub ociemnia\u0142ych.<\/p>\n","protected":false},"author":3,"featured_media":0,"comment_status":"closed","ping_status":"closed","sticky":false,"template":"","format":"standard","meta":{"footnotes":""},"categories":[54,9],"tags":[230,958,61,536,534],"class_list":["post-4760","post","type-post","status-publish","format-standard","hentry","category-2013prezydium","category-dokprez","tag-230","tag-43-2013","tag-decyzja","tag-decyzja-prezydium","tag-prezydium"],"_links":{"self":[{"href":"https:\/\/www.solidarnosc.org.pl\/dok\/wp-json\/wp\/v2\/posts\/4760","targetHints":{"allow":["GET"]}}],"collection":[{"href":"https:\/\/www.solidarnosc.org.pl\/dok\/wp-json\/wp\/v2\/posts"}],"about":[{"href":"https:\/\/www.solidarnosc.org.pl\/dok\/wp-json\/wp\/v2\/types\/post"}],"author":[{"embeddable":true,"href":"https:\/\/www.solidarnosc.org.pl\/dok\/wp-json\/wp\/v2\/users\/3"}],"replies":[{"embeddable":true,"href":"https:\/\/www.solidarnosc.org.pl\/dok\/wp-json\/wp\/v2\/comments?post=4760"}],"version-history":[{"count":1,"href":"https:\/\/www.solidarnosc.org.pl\/dok\/wp-json\/wp\/v2\/posts\/4760\/revisions"}],"predecessor-version":[{"id":4762,"href":"https:\/\/www.solidarnosc.org.pl\/dok\/wp-json\/wp\/v2\/posts\/4760\/revisions\/4762"}],"wp:attachment":[{"href":"https:\/\/www.solidarnosc.org.pl\/dok\/wp-json\/wp\/v2\/media?parent=4760"}],"wp:term":[{"taxonomy":"category","embeddable":true,"href":"https:\/\/www.solidarnosc.org.pl\/dok\/wp-json\/wp\/v2\/categories?post=4760"},{"taxonomy":"post_tag","embeddable":true,"href":"https:\/\/www.solidarnosc.org.pl\/dok\/wp-json\/wp\/v2\/tags?post=4760"}],"curies":[{"name":"wp","href":"https:\/\/api.w.org\/{rel}","templated":true}]}}