{"id":4757,"date":"2013-03-26T09:29:31","date_gmt":"2013-03-26T08:29:31","guid":{"rendered":"http:\/\/www.solidarnosc.org.pl\/dok\/?p=4757"},"modified":"2013-04-12T09:31:24","modified_gmt":"2013-04-12T07:31:24","slug":"decyzja-prezydium-kk-nr-422013-ws-opinii-o-projekcie-rozporzadzenia-mpips-zmieniajacego-rozporzadzenie-ws-ustalenia-wzorow-deklaracji-skladanych-zarzadowi-pfron","status":"publish","type":"post","link":"https:\/\/www.solidarnosc.org.pl\/dok\/2013\/03\/26\/decyzja-prezydium-kk-nr-422013-ws-opinii-o-projekcie-rozporzadzenia-mpips-zmieniajacego-rozporzadzenie-ws-ustalenia-wzorow-deklaracji-skladanych-zarzadowi-pfron\/","title":{"rendered":"Decyzja Prezydium KK nr 42\/2013 ws. opinii o projekcie rozporz\u0105dzenia MPiPS zmieniaj\u0105cego rozporz\u0105dzenie  ws. ustalenia wzor\u00f3w deklaracji sk\u0142adanych Zarz\u0105dowi PFRON (\u2026)"},"content":{"rendered":"<p>Prezydium Komisji Krajowej NSZZ \u201eSolidarno\u015b\u0107\u201d nie wnosi uwag do projektu rozporz\u0105dzenia Ministra Pracy i Polityki Spo\u0142ecznej zmieniaj\u0105cego rozporz\u0105dzenie w sprawie ustalenia wzor\u00f3w deklaracji sk\u0142adanych Zarz\u0105dowi PFRON przez pracodawc\u00f3w zobowi\u0105zanych do wp\u0142at na ten Fundusz<\/p>\n","protected":false},"excerpt":{"rendered":"<p>Prezydium Komisji Krajowej NSZZ \u201eSolidarno\u015b\u0107\u201d nie wnosi uwag do projektu rozporz\u0105dzenia Ministra Pracy i Polityki Spo\u0142ecznej zmieniaj\u0105cego rozporz\u0105dzenie w sprawie ustalenia wzor\u00f3w deklaracji sk\u0142adanych Zarz\u0105dowi PFRON przez pracodawc\u00f3w zobowi\u0105zanych do wp\u0142at na ten Fundusz<\/p>\n","protected":false},"author":3,"featured_media":0,"comment_status":"closed","ping_status":"closed","sticky":false,"template":"","format":"standard","meta":{"footnotes":""},"categories":[54,9],"tags":[230,957,61,536,534],"class_list":["post-4757","post","type-post","status-publish","format-standard","hentry","category-2013prezydium","category-dokprez","tag-230","tag-42-2013","tag-decyzja","tag-decyzja-prezydium","tag-prezydium"],"_links":{"self":[{"href":"https:\/\/www.solidarnosc.org.pl\/dok\/wp-json\/wp\/v2\/posts\/4757","targetHints":{"allow":["GET"]}}],"collection":[{"href":"https:\/\/www.solidarnosc.org.pl\/dok\/wp-json\/wp\/v2\/posts"}],"about":[{"href":"https:\/\/www.solidarnosc.org.pl\/dok\/wp-json\/wp\/v2\/types\/post"}],"author":[{"embeddable":true,"href":"https:\/\/www.solidarnosc.org.pl\/dok\/wp-json\/wp\/v2\/users\/3"}],"replies":[{"embeddable":true,"href":"https:\/\/www.solidarnosc.org.pl\/dok\/wp-json\/wp\/v2\/comments?post=4757"}],"version-history":[{"count":1,"href":"https:\/\/www.solidarnosc.org.pl\/dok\/wp-json\/wp\/v2\/posts\/4757\/revisions"}],"predecessor-version":[{"id":4759,"href":"https:\/\/www.solidarnosc.org.pl\/dok\/wp-json\/wp\/v2\/posts\/4757\/revisions\/4759"}],"wp:attachment":[{"href":"https:\/\/www.solidarnosc.org.pl\/dok\/wp-json\/wp\/v2\/media?parent=4757"}],"wp:term":[{"taxonomy":"category","embeddable":true,"href":"https:\/\/www.solidarnosc.org.pl\/dok\/wp-json\/wp\/v2\/categories?post=4757"},{"taxonomy":"post_tag","embeddable":true,"href":"https:\/\/www.solidarnosc.org.pl\/dok\/wp-json\/wp\/v2\/tags?post=4757"}],"curies":[{"name":"wp","href":"https:\/\/api.w.org\/{rel}","templated":true}]}}