{"id":4680,"date":"2013-03-20T09:39:39","date_gmt":"2013-03-20T08:39:39","guid":{"rendered":"http:\/\/www.solidarnosc.org.pl\/dok\/?p=4680"},"modified":"2024-08-08T14:46:53","modified_gmt":"2024-08-08T12:46:53","slug":"uchwala-kk-nr-52013-ws-kalendarza-wyborczego-na-kadencje-2014-2018","status":"publish","type":"post","link":"https:\/\/www.solidarnosc.org.pl\/dok\/2013\/03\/20\/uchwala-kk-nr-52013-ws-kalendarza-wyborczego-na-kadencje-2014-2018\/","title":{"rendered":"Uchwa\u0142a KK nr 5\/2013 ws. kalendarza wyborczego na kadencj\u0119 2014 &#8211; 2018"},"content":{"rendered":"<p style=\"text-align: justify;\">Komisja Krajowa NSZZ \u201eSolidarno\u015b\u0107\u201d w zwi\u0105zku z ko\u0144cz\u0105c\u0105 si\u0119 si\u00f3dm\u0105 kadencj\u0105 funkcjonowania w\u0142adz zwi\u0105zkowych, ustala nast\u0119puj\u0105cy kalendarz wyborczy dla jednostek organizacyjnych Zwi\u0105zku.<\/p>\n<p align=\"center\">\u00a7 1<\/p>\n<p style=\"text-align: left;\" align=\"center\">1. W terminie od 1 listopada 2013 r. do 31 marca 2014 r. odbywaj\u0105 si\u0119 wybory:<\/p>\n<p style=\"text-align: justify;\">1) w\u0142adz podstawowych jednostek organizacyjnych Zwi\u0105zku, wymienionych w \u00a7 19 Statutu NSZZ \u201eSolidarno\u015b\u0107\u201d;<\/p>\n<p>2) delegat\u00f3w na walne zebranie delegat\u00f3w regionu;<\/p>\n<p>3) delegat\u00f3w na walne zebranie bran\u017cowej jednostki organizacyjnej Zwi\u0105zku;<\/p>\n<p style=\"text-align: justify;\">4) wybory w\u0142adz ni\u017cszych jednostek organizacyjnych Zwi\u0105zku, zgodnie z \u00a7 19 ust. 7 i 8 Statutu NSZZ \u201eSolidarno\u015b\u0107\u201d, a tak\u017ce delegat\u00f3w na zak\u0142adowe lub mi\u0119dzyzak\u0142adowe zebranie delegat\u00f3w, mog\u0105 odbywa\u0107 si\u0119 we wcze\u015bniejszym terminie.<\/p>\n<p><span style=\"font-size: 16px;\">2. W terminie od 1 kwietnia do 30 czerwca 2014 r. odbywaj\u0105 si\u0119 wybory:<\/span><\/p>\n<p>1) w\u0142adz region\u00f3w;<\/p>\n<p>2) delegat\u00f3w na Krajowy Zjazd Delegat\u00f3w.<\/p>\n<p><span style=\"font-size: 16px;\">3. W terminie od 1 kwietnia do 30 kwietnia 2014 r. odbywaj\u0105 si\u0119 wybory:<\/span><\/p>\n<p>1) w\u0142adz regionalnych sekcji bran\u017cowych i problemowych;<\/p>\n<p>2) w\u0142adz regionalnych sekretariat\u00f3w bran\u017cowych;<\/p>\n<p>3) delegat\u00f3w do kongresu regionalnego sekretariatu bran\u017cowego;<\/p>\n<p>4) delegat\u00f3w na walne zebranie delegat\u00f3w krajowej sekcji bran\u017cowej.<\/p>\n<p><span style=\"font-size: 16px;\">4. W terminie od 1 kwietnia do 31 maja 2014 r. odbywaj\u0105 si\u0119 wybory:<\/span><\/p>\n<p>1) w\u0142adz krajowych sekcji bran\u017cowych i problemowych;<\/p>\n<p>2) delegat\u00f3w do kongresu krajowego sekretariatu bran\u017cowego.<\/p>\n<p>5. W terminie od 1 maja do 30 czerwca 2014 r. odbywaj\u0105 si\u0119 wybory:<\/p>\n<p>1) w\u0142adz krajowych sekretariat\u00f3w bran\u017cowych;<\/p>\n<p>2) w\u0142adz Krajowego Sekretariatu Emeryt\u00f3w i Rencist\u00f3w.<\/p>\n<p style=\"text-align: justify;\"><span style=\"font-size: 16px;\">6. W terminie do 31 pa\u017adziernika 2014 r. odbywaj\u0105 si\u0119 wybory og\u00f3lnokrajowych w\u0142adz Zwi\u0105zku (sprawozdawczo &#8211; wyborczy Krajowy Zjazd Delegat\u00f3w).<\/span><\/p>\n<p align=\"center\">\u00a7 2<\/p>\n<ol>\n<li style=\"text-align: justify;\">Dok\u0142adne terminy wybor\u00f3w wymienionych w \u00a7 1 ust. 1, 2 i 3 okre\u015bla, z uwzgl\u0119dnieniem postanowie\u0144 niniejszej uchwa\u0142y, w\u0142a\u015bciwy zarz\u0105d regionu.<\/li>\n<li style=\"text-align: justify;\">Dok\u0142adne terminy wybor\u00f3w wymienionych w \u00a7 1 ust. 4 i 5 okre\u015bla odpowiednio, z uwzgl\u0119dnieniem postanowie\u0144 niniejszej uchwa\u0142y, w\u0142a\u015bciwa rada krajowego sekretariatu bran\u017cowego, Krajowego Sekretariatu Emeryt\u00f3w i Rencist\u00f3w lub krajowej sekcji problemowej.<\/li>\n<li style=\"text-align: justify;\">Dok\u0142adny termin sprawozdawczo &#8211; wyborczego Krajowego Zjazdu Delegat\u00f3w, okre\u015bli Komisja Krajowa.<\/li>\n<\/ol>\n<p align=\"center\">\u00a7 3<\/p>\n<p>Traci moc Uchwa\u0142a Komisji Krajowej nr 2\/09.<\/p>\n","protected":false},"excerpt":{"rendered":"<p>Komisja Krajowa NSZZ \u201eSolidarno\u015b\u0107\u201d w zwi\u0105zku z ko\u0144cz\u0105c\u0105 si\u0119 si\u00f3dm\u0105 kadencj\u0105 funkcjonowania w\u0142adz zwi\u0105zkowych, ustala nast\u0119puj\u0105cy kalendarz wyborczy dla jednostek organizacyjnych Zwi\u0105zku. \u00a7 1 1. W terminie od 1 listopada 2013 r. do 31 marca 2014 r. odbywaj\u0105 si\u0119 wybory: 1) w\u0142adz podstawowych jednostek organizacyjnych Zwi\u0105zku, wymienionych w \u00a7 19 Statutu NSZZ \u201eSolidarno\u015b\u0107\u201d; 2) delegat\u00f3w [&hellip;]<\/p>\n","protected":false},"author":3,"featured_media":0,"comment_status":"closed","ping_status":"closed","sticky":false,"template":"","format":"standard","meta":{"footnotes":""},"categories":[55,8],"tags":[230,235,98,62,102],"class_list":["post-4680","post","type-post","status-publish","format-standard","hentry","category-2013kk","category-dokkk","tag-230","tag-5-2013","tag-kk","tag-uchwala","tag-uchwala-kk"],"_links":{"self":[{"href":"https:\/\/www.solidarnosc.org.pl\/dok\/wp-json\/wp\/v2\/posts\/4680","targetHints":{"allow":["GET"]}}],"collection":[{"href":"https:\/\/www.solidarnosc.org.pl\/dok\/wp-json\/wp\/v2\/posts"}],"about":[{"href":"https:\/\/www.solidarnosc.org.pl\/dok\/wp-json\/wp\/v2\/types\/post"}],"author":[{"embeddable":true,"href":"https:\/\/www.solidarnosc.org.pl\/dok\/wp-json\/wp\/v2\/users\/3"}],"replies":[{"embeddable":true,"href":"https:\/\/www.solidarnosc.org.pl\/dok\/wp-json\/wp\/v2\/comments?post=4680"}],"version-history":[{"count":4,"href":"https:\/\/www.solidarnosc.org.pl\/dok\/wp-json\/wp\/v2\/posts\/4680\/revisions"}],"predecessor-version":[{"id":12494,"href":"https:\/\/www.solidarnosc.org.pl\/dok\/wp-json\/wp\/v2\/posts\/4680\/revisions\/12494"}],"wp:attachment":[{"href":"https:\/\/www.solidarnosc.org.pl\/dok\/wp-json\/wp\/v2\/media?parent=4680"}],"wp:term":[{"taxonomy":"category","embeddable":true,"href":"https:\/\/www.solidarnosc.org.pl\/dok\/wp-json\/wp\/v2\/categories?post=4680"},{"taxonomy":"post_tag","embeddable":true,"href":"https:\/\/www.solidarnosc.org.pl\/dok\/wp-json\/wp\/v2\/tags?post=4680"}],"curies":[{"name":"wp","href":"https:\/\/api.w.org\/{rel}","templated":true}]}}