{"id":4672,"date":"2013-03-20T09:35:04","date_gmt":"2013-03-20T08:35:04","guid":{"rendered":"http:\/\/www.solidarnosc.org.pl\/dok\/?p=4672"},"modified":"2024-08-08T14:53:33","modified_gmt":"2024-08-08T12:53:33","slug":"uchwala-kk-nr-22013-ws-dzialan-zwiazku-wobec-polityki-rzadu","status":"publish","type":"post","link":"https:\/\/www.solidarnosc.org.pl\/dok\/2013\/03\/20\/uchwala-kk-nr-22013-ws-dzialan-zwiazku-wobec-polityki-rzadu\/","title":{"rendered":"Uchwa\u0142a KK nr 2\/2013 ws. dzia\u0142a\u0144 Zwi\u0105zku wobec polityki rz\u0105du"},"content":{"rendered":"<p style=\"text-align: justify;\">Komisja Krajowa NSZZ \u201eSolidarno\u015b\u0107\u201d oczekuje od koalicji rz\u0105dz\u0105cej wycofania szkodliwych dla pracownik\u00f3w projekt\u00f3w nowelizacji Kodeksu pracy dotycz\u0105cych uelastycznienia czasu pracy oraz realizacji nast\u0119puj\u0105cych postulat\u00f3w:<\/p>\n<ol>\n<li style=\"text-align: justify;\">Zaniechanie likwidacji rozwi\u0105za\u0144 emerytalnych przys\u0142uguj\u0105cych pracownikom zatrudnionym w warunkach szczeg\u00f3lnych lub o szczeg\u00f3lnym charakterze.<\/li>\n<li style=\"text-align: justify;\">Uchwalenie przez Sejm RP ustaw ograniczaj\u0105cych stosowanie tzw. um\u00f3w \u015bmieciowych.<\/li>\n<li style=\"text-align: justify;\">Zaprzestanie likwidacji szk\u00f3\u0142 i zaprzestanie przerzucania finansowania szkolnictwa publicznego na samorz\u0105dy.<\/li>\n<li style=\"text-align: justify;\">Stworzenie os\u0142onowego systemu regulacji finansowych oraz ulg podatkowych dla przedsi\u0119biorstw utrzymuj\u0105cych zatrudnienie w okresie niezawinionego przestoju produkcyjnego.<\/li>\n<li style=\"text-align: justify;\">Podwy\u017cszenie wysoko\u015bci p\u0142acy minimalnej zgodnie z projektem z\u0142o\u017conym przez NSZZ \u201eSolidarno\u015b\u0107\u201d.<\/li>\n<li style=\"text-align: justify;\">Stworzenie ustawy o systemie rekompensat dla przedsi\u0119biorstw energoch\u0142onnych.<\/li>\n<\/ol>\n<p style=\"text-align: justify;\">Oczekujemy od rz\u0105du przedstawienia harmonogramu realizacji wy\u017cej wymienionych postulat\u00f3w do dnia 17 kwietnia 2013 r.<\/p>\n<p style=\"text-align: justify;\">W przypadku braku pozytywnych reakcji w wyznaczonym wy\u017cej terminie Komisja Krajowa NSZZ \u201eSolidarno\u015b\u0107\u201d upowa\u017cnia Sztab Akcji Protestacyjnej do zorganizowania\u00a0 do ko\u0144ca wrze\u015bnia br. og\u00f3lnopolskiej, narodowej manifestacji protestu i wzywa do udzia\u0142u w nim wszystkich cz\u0142onk\u00f3w NSZZ \u201eSolidarno\u015b\u0107\u201d, a tak\u017ce zaprasza inne zwi\u0105zki zawodowe oraz organizacje obywatelskie do wsp\u00f3\u0142udzia\u0142u.<\/p>\n<p style=\"text-align: justify;\">Ponadto, Komisja Krajowa NSZZ \u201eSolidarno\u015b\u0107\u201d zobowi\u0105zuje wszystkie struktury Zwi\u0105zku do przeprowadzenia referendum w sprawie udzia\u0142u w og\u00f3lnopolskiej akcji protestacyjnej do strajku w\u0142\u0105cznie.<\/p>\n","protected":false},"excerpt":{"rendered":"<p>Komisja Krajowa NSZZ \u201eSolidarno\u015b\u0107\u201d oczekuje od koalicji rz\u0105dz\u0105cej wycofania szkodliwych dla pracownik\u00f3w projekt\u00f3w nowelizacji Kodeksu pracy dotycz\u0105cych uelastycznienia czasu pracy oraz realizacji nast\u0119puj\u0105cych postulat\u00f3w: Zaniechanie likwidacji rozwi\u0105za\u0144 emerytalnych przys\u0142uguj\u0105cych pracownikom zatrudnionym w warunkach szczeg\u00f3lnych lub o szczeg\u00f3lnym charakterze. Uchwalenie przez Sejm RP ustaw ograniczaj\u0105cych stosowanie tzw. um\u00f3w \u015bmieciowych. Zaprzestanie likwidacji szk\u00f3\u0142 i zaprzestanie przerzucania finansowania [&hellip;]<\/p>\n","protected":false},"author":3,"featured_media":0,"comment_status":"closed","ping_status":"closed","sticky":false,"template":"","format":"standard","meta":{"footnotes":""},"categories":[55,8],"tags":[232,230,98,62,102],"class_list":["post-4672","post","type-post","status-publish","format-standard","hentry","category-2013kk","category-dokkk","tag-2-2013","tag-230","tag-kk","tag-uchwala","tag-uchwala-kk"],"_links":{"self":[{"href":"https:\/\/www.solidarnosc.org.pl\/dok\/wp-json\/wp\/v2\/posts\/4672","targetHints":{"allow":["GET"]}}],"collection":[{"href":"https:\/\/www.solidarnosc.org.pl\/dok\/wp-json\/wp\/v2\/posts"}],"about":[{"href":"https:\/\/www.solidarnosc.org.pl\/dok\/wp-json\/wp\/v2\/types\/post"}],"author":[{"embeddable":true,"href":"https:\/\/www.solidarnosc.org.pl\/dok\/wp-json\/wp\/v2\/users\/3"}],"replies":[{"embeddable":true,"href":"https:\/\/www.solidarnosc.org.pl\/dok\/wp-json\/wp\/v2\/comments?post=4672"}],"version-history":[{"count":2,"href":"https:\/\/www.solidarnosc.org.pl\/dok\/wp-json\/wp\/v2\/posts\/4672\/revisions"}],"predecessor-version":[{"id":12499,"href":"https:\/\/www.solidarnosc.org.pl\/dok\/wp-json\/wp\/v2\/posts\/4672\/revisions\/12499"}],"wp:attachment":[{"href":"https:\/\/www.solidarnosc.org.pl\/dok\/wp-json\/wp\/v2\/media?parent=4672"}],"wp:term":[{"taxonomy":"category","embeddable":true,"href":"https:\/\/www.solidarnosc.org.pl\/dok\/wp-json\/wp\/v2\/categories?post=4672"},{"taxonomy":"post_tag","embeddable":true,"href":"https:\/\/www.solidarnosc.org.pl\/dok\/wp-json\/wp\/v2\/tags?post=4672"}],"curies":[{"name":"wp","href":"https:\/\/api.w.org\/{rel}","templated":true}]}}