{"id":460,"date":"1981-09-07T15:53:25","date_gmt":"1981-09-07T13:53:25","guid":{"rendered":"http:\/\/www.solidarnosc.org.pl\/dok\/?p=460"},"modified":"2012-09-28T15:55:28","modified_gmt":"2012-09-28T13:55:28","slug":"telegram-do-organizacji-zwiazku-zawodowego-gornikow-przy-kopalni-pluto-czechoslowacja","status":"publish","type":"post","link":"https:\/\/www.solidarnosc.org.pl\/dok\/1981\/09\/07\/telegram-do-organizacji-zwiazku-zawodowego-gornikow-przy-kopalni-pluto-czechoslowacja\/","title":{"rendered":"Telegram do Organizacji Zwi\u0105zku Zawodowego G\u00f3rnik\u00f3w przy Kopalni PLUTO \u2014 Czechos\u0142owacja"},"content":{"rendered":"<p align=\"center\"><strong>TELEGRAM<\/strong><\/p>\n<p align=\"center\"><strong>do Organizacji Zwi\u0105zku Zawodowego G\u00f3rnik\u00f3w przy Kopalni PLUTO \u2014 Czechos\u0142owacja<\/strong><\/p>\n<p style=\"text-align: justify;\">Jeste\u015bmy wstrz\u0105\u015bni\u0119ci wiadomo\u015bci\u0105 o katastrofie w kopalni w\u0119gla PLUTO. Rodzinom i przyjacio\u0142om tragicznie zmar\u0142ych g\u00f3rnik\u00f3w przesy\u0142amy wyrazy g\u0142\u0119bokiego i serdecznego wsp\u00f3\u0142czucia.<\/p>\n","protected":false},"excerpt":{"rendered":"<p>TELEGRAM do Organizacji Zwi\u0105zku Zawodowego G\u00f3rnik\u00f3w przy Kopalni PLUTO \u2014 Czechos\u0142owacja Jeste\u015bmy wstrz\u0105\u015bni\u0119ci wiadomo\u015bci\u0105 o katastrofie w kopalni w\u0119gla PLUTO. Rodzinom i przyjacio\u0142om tragicznie zmar\u0142ych g\u00f3rnik\u00f3w przesy\u0142amy wyrazy g\u0142\u0119bokiego i serdecznego wsp\u00f3\u0142czucia.<\/p>\n","protected":false},"author":3,"featured_media":0,"comment_status":"closed","ping_status":"closed","sticky":false,"template":"","format":"standard","meta":{"footnotes":""},"categories":[17,16],"tags":[2637,2636],"class_list":["post-460","post","type-post","status-publish","format-standard","hentry","category-1kzd","category-dokkzd","tag-2637","tag-kzd"],"_links":{"self":[{"href":"https:\/\/www.solidarnosc.org.pl\/dok\/wp-json\/wp\/v2\/posts\/460","targetHints":{"allow":["GET"]}}],"collection":[{"href":"https:\/\/www.solidarnosc.org.pl\/dok\/wp-json\/wp\/v2\/posts"}],"about":[{"href":"https:\/\/www.solidarnosc.org.pl\/dok\/wp-json\/wp\/v2\/types\/post"}],"author":[{"embeddable":true,"href":"https:\/\/www.solidarnosc.org.pl\/dok\/wp-json\/wp\/v2\/users\/3"}],"replies":[{"embeddable":true,"href":"https:\/\/www.solidarnosc.org.pl\/dok\/wp-json\/wp\/v2\/comments?post=460"}],"version-history":[{"count":1,"href":"https:\/\/www.solidarnosc.org.pl\/dok\/wp-json\/wp\/v2\/posts\/460\/revisions"}],"predecessor-version":[{"id":461,"href":"https:\/\/www.solidarnosc.org.pl\/dok\/wp-json\/wp\/v2\/posts\/460\/revisions\/461"}],"wp:attachment":[{"href":"https:\/\/www.solidarnosc.org.pl\/dok\/wp-json\/wp\/v2\/media?parent=460"}],"wp:term":[{"taxonomy":"category","embeddable":true,"href":"https:\/\/www.solidarnosc.org.pl\/dok\/wp-json\/wp\/v2\/categories?post=460"},{"taxonomy":"post_tag","embeddable":true,"href":"https:\/\/www.solidarnosc.org.pl\/dok\/wp-json\/wp\/v2\/tags?post=460"}],"curies":[{"name":"wp","href":"https:\/\/api.w.org\/{rel}","templated":true}]}}