{"id":4595,"date":"2013-01-15T13:12:35","date_gmt":"2013-01-15T12:12:35","guid":{"rendered":"http:\/\/www.solidarnosc.org.pl\/dok\/?p=4595"},"modified":"2013-01-16T13:13:41","modified_gmt":"2013-01-16T12:13:41","slug":"decyzja-prezydium-kk-nr-102013-ws-opinii-o-poselskim-projekcie-kp-sld-ustawy-o-zmianie-ustawy-kodeks-pracy","status":"publish","type":"post","link":"https:\/\/www.solidarnosc.org.pl\/dok\/2013\/01\/15\/decyzja-prezydium-kk-nr-102013-ws-opinii-o-poselskim-projekcie-kp-sld-ustawy-o-zmianie-ustawy-kodeks-pracy\/","title":{"rendered":"Decyzja Prezydium KK nr 10\/2013 ws. opinii o poselskim projekcie (KP SLD) ustawy o zmianie ustawy Kodeks pracy"},"content":{"rendered":"<p>Prezydium Komisji Krajowej NSZZ \u201eSolidarno\u015b\u0107\u201d po przeanalizowaniu poselskiego projektu (KP SLD \u2013 przedstawiciel wnioskodawc\u00f3w pos\u0142anka Anna Ba\u0144kowska) <em>ustawy o\u00a0zmianie ustawy Kodeks Pracy<\/em> wnioskuje, aby proponowany zapis art. 88 \u00a7 4 Kodeksu pracy otrzyma\u0142 brzmienie:<\/p>\n<p>\u00a7 4 \u201eJe\u017celi drugi z rodzic\u00f3w lub opiekun\u00f3w wychowuj\u0105cy dziecko do lat 14, w\u00a0dacie korzystania ze zwolnienia nie podlega ubezpieczeniom emerytalnym i\u00a0rentowym na podstawie ustawy z 13 pa\u017adziernika 1998 r. <em>o systemie ubezpiecze\u0144 spo\u0142ecznych <\/em>(Dz. U. z 2009 r., Nr 205, poz. 1585, z p\u00f3\u017a\u0144. zm.) wymiar zwolnienia z pracy, o kt\u00f3rym mowa w \u00a7 2 zmniejsza si\u0119 o jeden dzie\u0144.\u201d<\/p>\n<p><strong>\u00a0\u00a0\u00a0\u00a0\u00a0\u00a0\u00a0\u00a0\u00a0\u00a0\u00a0 <\/strong>Zapis powy\u017cszy pozwoli unikn\u0105\u0107 sytuacji, w kt\u00f3rej drugi z rodzic\u00f3w lub opiekun\u00f3w \u015bwiadcz\u0105cy prac\u0119 np. na podstawie umowy o dzie\u0142o i obj\u0119ty na zasadzie dobrowolno\u015bci ubezpieczeniami emerytalnymi i rentowymi zostanie pozbawiony jednego dnia wolnego z\u00a0tytu\u0142u opieki nad dzieckiem w wieku do lat 14.<\/p>\n","protected":false},"excerpt":{"rendered":"<p>Prezydium Komisji Krajowej NSZZ \u201eSolidarno\u015b\u0107\u201d po przeanalizowaniu poselskiego projektu (KP SLD \u2013 przedstawiciel wnioskodawc\u00f3w pos\u0142anka Anna Ba\u0144kowska) ustawy o\u00a0zmianie ustawy Kodeks Pracy wnioskuje, aby proponowany zapis art. 88 \u00a7 4 Kodeksu pracy otrzyma\u0142 brzmienie: \u00a7 4 \u201eJe\u017celi drugi z rodzic\u00f3w lub opiekun\u00f3w wychowuj\u0105cy dziecko do lat 14, w\u00a0dacie korzystania ze zwolnienia nie podlega ubezpieczeniom emerytalnym [&hellip;]<\/p>\n","protected":false},"author":3,"featured_media":0,"comment_status":"closed","ping_status":"closed","sticky":false,"template":"","format":"standard","meta":{"footnotes":""},"categories":[54,9],"tags":[240,230,61,536,534],"class_list":["post-4595","post","type-post","status-publish","format-standard","hentry","category-2013prezydium","category-dokprez","tag-10-2013","tag-230","tag-decyzja","tag-decyzja-prezydium","tag-prezydium"],"_links":{"self":[{"href":"https:\/\/www.solidarnosc.org.pl\/dok\/wp-json\/wp\/v2\/posts\/4595","targetHints":{"allow":["GET"]}}],"collection":[{"href":"https:\/\/www.solidarnosc.org.pl\/dok\/wp-json\/wp\/v2\/posts"}],"about":[{"href":"https:\/\/www.solidarnosc.org.pl\/dok\/wp-json\/wp\/v2\/types\/post"}],"author":[{"embeddable":true,"href":"https:\/\/www.solidarnosc.org.pl\/dok\/wp-json\/wp\/v2\/users\/3"}],"replies":[{"embeddable":true,"href":"https:\/\/www.solidarnosc.org.pl\/dok\/wp-json\/wp\/v2\/comments?post=4595"}],"version-history":[{"count":1,"href":"https:\/\/www.solidarnosc.org.pl\/dok\/wp-json\/wp\/v2\/posts\/4595\/revisions"}],"predecessor-version":[{"id":4597,"href":"https:\/\/www.solidarnosc.org.pl\/dok\/wp-json\/wp\/v2\/posts\/4595\/revisions\/4597"}],"wp:attachment":[{"href":"https:\/\/www.solidarnosc.org.pl\/dok\/wp-json\/wp\/v2\/media?parent=4595"}],"wp:term":[{"taxonomy":"category","embeddable":true,"href":"https:\/\/www.solidarnosc.org.pl\/dok\/wp-json\/wp\/v2\/categories?post=4595"},{"taxonomy":"post_tag","embeddable":true,"href":"https:\/\/www.solidarnosc.org.pl\/dok\/wp-json\/wp\/v2\/tags?post=4595"}],"curies":[{"name":"wp","href":"https:\/\/api.w.org\/{rel}","templated":true}]}}