{"id":458,"date":"1981-09-07T15:51:51","date_gmt":"1981-09-07T13:51:51","guid":{"rendered":"http:\/\/www.solidarnosc.org.pl\/dok\/?p=458"},"modified":"2012-09-28T15:53:18","modified_gmt":"2012-09-28T13:53:18","slug":"list-do-ojca-swietego-jana-pawla-ii","status":"publish","type":"post","link":"https:\/\/www.solidarnosc.org.pl\/dok\/1981\/09\/07\/list-do-ojca-swietego-jana-pawla-ii\/","title":{"rendered":"List do Ojca \u015awi\u0119tego Jana Paw\u0142a II"},"content":{"rendered":"<p><strong>Jego \u015awi\u0105tobliwo\u015b\u0107<\/strong><\/p>\n<p><strong>Ojciec \u015awi\u0119ty<\/strong><\/p>\n<p><strong>Jan Pawe\u0142 II<\/strong><\/p>\n<p><strong>Watykan<\/strong><\/p>\n<p>Ojcze \u015awi\u0119ty<\/p>\n<p style=\"text-align: justify;\">Delegaci na I Krajowy Zjazd Delegat\u00f3w NSZZ \u201eSolidarno\u015b\u0107\u201d sk\u0142adaj\u0105 Ci najgor\u0119tsze podzi\u0119kowanie za wszystko, co uczyni\u0142e\u015b dobrego dla naszego narodu, zar\u00f3wno wtedy gdy by\u0142e\u015b jeszcze razem z nami jako Biskup Kra\u00adkowski, jak i w\u00f3wczas, gdy zosta\u0142e\u015b wybrany Biskupem Rzymu i Ojcem ca\u0142ej katolickiej wsp\u00f3lnoty na \u015bwiecie.<\/p>\n<p style=\"text-align: justify;\">Dzi\u0119kujemy Ci tak\u017ce Ojcze \u015awi\u0119ty za to, \u017ce zawsze i wsz\u0119dzie przypo\u00adminasz \u015bwiatu, i\u017c nadal czujesz si\u0119 Synem Polski, naszej wsp\u00f3lnej Ojczyzny.<\/p>\n<p style=\"text-align: justify;\">Pragniemy, aby \u201eSolidarno\u015b\u0107\u201d by\u0142a nie tylko nazw\u0105 naszego Zwi\u0105zku, lecz chcieliby\u015bmy rzeczywistej solidarno\u015bci pomi\u0119dzy wszystkimi lud\u017ami; pomi\u0119dzy wszystkimi narodami \u015bwiata \u2014 solidarno\u015bci zrealizowanej w my\u015bl g\u0142oszonej przez Ko\u015bci\u00f3\u0142 i przez Ciebie Ojcze nauki o prawdzie, wolno\u015bci, sprawiedliwo\u015bci i mi\u0142o\u015bci pomi\u0119dzy lud\u017ami wszystkich wyzna\u0144 i przekona\u0144.<\/p>\n<p style=\"text-align: justify;\">Cieszymy si\u0119 z Twego Ojcze \u015awi\u0119ty szcz\u0119\u015bliwego ocalenia i polecamy nasz Kraj Twoim modlitwom.<\/p>\n<p style=\"text-align: justify;\">Wierzymy, \u017ce zobaczymy Ci\u0119, umi\u0142owany Ojcze w naszym, w Twoim Kraju na uroczysto\u015bciach 600-lecia<br \/>\nObrazu Matki Boskiej Jasnog\u00f3rskiej.<\/p>\n","protected":false},"excerpt":{"rendered":"<p>Jego \u015awi\u0105tobliwo\u015b\u0107 Ojciec \u015awi\u0119ty Jan Pawe\u0142 II Watykan Ojcze \u015awi\u0119ty Delegaci na I Krajowy Zjazd Delegat\u00f3w NSZZ \u201eSolidarno\u015b\u0107\u201d sk\u0142adaj\u0105 Ci najgor\u0119tsze podzi\u0119kowanie za wszystko, co uczyni\u0142e\u015b dobrego dla naszego narodu, zar\u00f3wno wtedy gdy by\u0142e\u015b jeszcze razem z nami jako Biskup Kra\u00adkowski, jak i w\u00f3wczas, gdy zosta\u0142e\u015b wybrany Biskupem Rzymu i Ojcem ca\u0142ej katolickiej wsp\u00f3lnoty na [&hellip;]<\/p>\n","protected":false},"author":3,"featured_media":0,"comment_status":"closed","ping_status":"closed","sticky":false,"template":"","format":"standard","meta":{"footnotes":""},"categories":[17,16],"tags":[2637,2636,65,2652],"class_list":["post-458","post","type-post","status-publish","format-standard","hentry","category-1kzd","category-dokkzd","tag-2637","tag-kzd","tag-list","tag-list-kzd"],"_links":{"self":[{"href":"https:\/\/www.solidarnosc.org.pl\/dok\/wp-json\/wp\/v2\/posts\/458","targetHints":{"allow":["GET"]}}],"collection":[{"href":"https:\/\/www.solidarnosc.org.pl\/dok\/wp-json\/wp\/v2\/posts"}],"about":[{"href":"https:\/\/www.solidarnosc.org.pl\/dok\/wp-json\/wp\/v2\/types\/post"}],"author":[{"embeddable":true,"href":"https:\/\/www.solidarnosc.org.pl\/dok\/wp-json\/wp\/v2\/users\/3"}],"replies":[{"embeddable":true,"href":"https:\/\/www.solidarnosc.org.pl\/dok\/wp-json\/wp\/v2\/comments?post=458"}],"version-history":[{"count":1,"href":"https:\/\/www.solidarnosc.org.pl\/dok\/wp-json\/wp\/v2\/posts\/458\/revisions"}],"predecessor-version":[{"id":459,"href":"https:\/\/www.solidarnosc.org.pl\/dok\/wp-json\/wp\/v2\/posts\/458\/revisions\/459"}],"wp:attachment":[{"href":"https:\/\/www.solidarnosc.org.pl\/dok\/wp-json\/wp\/v2\/media?parent=458"}],"wp:term":[{"taxonomy":"category","embeddable":true,"href":"https:\/\/www.solidarnosc.org.pl\/dok\/wp-json\/wp\/v2\/categories?post=458"},{"taxonomy":"post_tag","embeddable":true,"href":"https:\/\/www.solidarnosc.org.pl\/dok\/wp-json\/wp\/v2\/tags?post=458"}],"curies":[{"name":"wp","href":"https:\/\/api.w.org\/{rel}","templated":true}]}}