{"id":4573,"date":"2010-11-03T11:26:21","date_gmt":"2010-11-03T10:26:21","guid":{"rendered":"http:\/\/www.solidarnosc.org.pl\/dok\/?p=4573"},"modified":"2024-06-28T12:26:08","modified_gmt":"2024-06-28T10:26:08","slug":"uchwala-kk-nr-202010-ws-zmiany-uchwaly-kk-nr-1708-dotyczacej-zasad-rejestracji-i-wyrejestrowania-oraz-funkcjonowania-branzowych-jednostek-organizacyjnych-zwiazku-zm-uchwala-kk-nr-1809","status":"publish","type":"post","link":"https:\/\/www.solidarnosc.org.pl\/dok\/2010\/11\/03\/uchwala-kk-nr-202010-ws-zmiany-uchwaly-kk-nr-1708-dotyczacej-zasad-rejestracji-i-wyrejestrowania-oraz-funkcjonowania-branzowych-jednostek-organizacyjnych-zwiazku-zm-uchwala-kk-nr-1809\/","title":{"rendered":"Uchwa\u0142a KK nr 20\/10 ws. zmiany uchwa\u0142y KK nr 17\/08 dotycz\u0105cej zasad rejestracji i wyrejestrowania oraz funkcjonowania bran\u017cowych jednostek organizacyjnych Zwi\u0105zku, zm. uchwa\u0142\u0105 KK nr 18\/09"},"content":{"rendered":"<p style=\"text-align: justify;\">Komisja Krajowa NSZZ \u201cSolidarno\u015b\u0107\u201d wprowadza poni\u017csze zmiany w uchwale KK nr 17\/08, w za\u0142\u0105czniku nr 2 \u201eWykaz krajowych sekretariat\u00f3w bran\u017cowych i przypisanych im bran\u017c (sektor\u00f3w gospodarki)\u201d.<\/p>\n<p style=\"text-align: justify;\">1. Wykre\u015bla si\u0119 pozycj\u0119 Lp 1 we wszystkich rubrykach, odnosz\u0105c\u0105 si\u0119 do Krajowego Sekretariatu Przemys\u0142u Lekkiego NSZZ \u201eSolidarno\u015b\u0107\u201d.<\/p>\n<p style=\"text-align: justify;\">2. Pozosta\u0142e pozycje o dotychczasowych numerach od Lp 2 do Lp 15 otrzymuj\u0105 odpowiednio numery od Lp 1 do Lp 14.<\/p>\n<p style=\"text-align: justify;\">3. W pozycji o dotychczasowym numerze Lp 8, odnosz\u0105cej si\u0119 do Krajowego Sekretariatu Przemys\u0142u Chemicznego NSZZ \u201eSolidarno\u015b\u0107\u201d wprowadza si\u0119 nast\u0119puj\u0105ce zmiany:<\/p>\n<p style=\"text-align: justify;\">1) w rubryce \u201eNazwa bran\u017cy (sektora gospodarki)\u201d, na ko\u0144cu zmienia si\u0119 kropk\u0119 na przecinek i dopisuje si\u0119 wyra\u017cenie: <strong>\u201eprzemys\u0142 w\u0142\u00f3kienniczy (tekstylny), odzie\u017cowy, sk\u00f3rzany.\u201d;<\/strong><\/p>\n<p style=\"text-align: justify;\">2) w rubryce \u201ePrzyk\u0142ady zak\u0142ad\u00f3w (pracodawc\u00f3w)\u201d, na ko\u0144cu zmienia si\u0119 kropk\u0119 na przecinek i dopisuje si\u0119 wyra\u017cenie: <strong>\u201etkalnie, fabryki wyrob\u00f3w dzianych, odzie\u017cy, fabryki obuwia, galanterii sk\u00f3rzanej, garbarnie.\u201d<\/strong><\/p>\n<p>4. Uchwa\u0142a wchodzi w \u017cycie z dniem jej podj\u0119cia<\/p>\n","protected":false},"excerpt":{"rendered":"<p>Komisja Krajowa NSZZ \u201cSolidarno\u015b\u0107\u201d wprowadza poni\u017csze zmiany w uchwale KK nr 17\/08, w za\u0142\u0105czniku nr 2 \u201eWykaz krajowych sekretariat\u00f3w bran\u017cowych i przypisanych im bran\u017c (sektor\u00f3w gospodarki)\u201d. 1. Wykre\u015bla si\u0119 pozycj\u0119 Lp 1 we wszystkich rubrykach, odnosz\u0105c\u0105 si\u0119 do Krajowego Sekretariatu Przemys\u0142u Lekkiego NSZZ \u201eSolidarno\u015b\u0107\u201d. 2. Pozosta\u0142e pozycje o dotychczasowych numerach od Lp 2 do Lp [&hellip;]<\/p>\n","protected":false},"author":3,"featured_media":0,"comment_status":"closed","ping_status":"closed","sticky":false,"template":"","format":"standard","meta":{"footnotes":""},"categories":[57,8],"tags":[119,159,3552,135,98,62,102],"class_list":["post-4573","post","type-post","status-publish","format-standard","hentry","category-2010kk","category-dokkk","tag-17-08","tag-18-09","tag-20-10","tag-135","tag-kk","tag-uchwala","tag-uchwala-kk"],"_links":{"self":[{"href":"https:\/\/www.solidarnosc.org.pl\/dok\/wp-json\/wp\/v2\/posts\/4573","targetHints":{"allow":["GET"]}}],"collection":[{"href":"https:\/\/www.solidarnosc.org.pl\/dok\/wp-json\/wp\/v2\/posts"}],"about":[{"href":"https:\/\/www.solidarnosc.org.pl\/dok\/wp-json\/wp\/v2\/types\/post"}],"author":[{"embeddable":true,"href":"https:\/\/www.solidarnosc.org.pl\/dok\/wp-json\/wp\/v2\/users\/3"}],"replies":[{"embeddable":true,"href":"https:\/\/www.solidarnosc.org.pl\/dok\/wp-json\/wp\/v2\/comments?post=4573"}],"version-history":[{"count":2,"href":"https:\/\/www.solidarnosc.org.pl\/dok\/wp-json\/wp\/v2\/posts\/4573\/revisions"}],"predecessor-version":[{"id":11987,"href":"https:\/\/www.solidarnosc.org.pl\/dok\/wp-json\/wp\/v2\/posts\/4573\/revisions\/11987"}],"wp:attachment":[{"href":"https:\/\/www.solidarnosc.org.pl\/dok\/wp-json\/wp\/v2\/media?parent=4573"}],"wp:term":[{"taxonomy":"category","embeddable":true,"href":"https:\/\/www.solidarnosc.org.pl\/dok\/wp-json\/wp\/v2\/categories?post=4573"},{"taxonomy":"post_tag","embeddable":true,"href":"https:\/\/www.solidarnosc.org.pl\/dok\/wp-json\/wp\/v2\/tags?post=4573"}],"curies":[{"name":"wp","href":"https:\/\/api.w.org\/{rel}","templated":true}]}}