{"id":4460,"date":"2009-11-24T12:50:46","date_gmt":"2009-11-24T11:50:46","guid":{"rendered":"http:\/\/www.solidarnosc.org.pl\/dok\/?p=4460"},"modified":"2024-08-06T08:53:17","modified_gmt":"2024-08-06T06:53:17","slug":"uchwala-kk-nr-302009-ws-wniosku-o-zmianie-w-karcie-nauczyciela-w-art-42-i-art-35","status":"publish","type":"post","link":"https:\/\/www.solidarnosc.org.pl\/dok\/2009\/11\/24\/uchwala-kk-nr-302009-ws-wniosku-o-zmianie-w-karcie-nauczyciela-w-art-42-i-art-35\/","title":{"rendered":"Uchwa\u0142a KK nr 30\/09 ws. wniosku o zmianie w Karcie Nauczyciela w art. 42 i art. 35"},"content":{"rendered":"<p style=\"text-align: justify;\">Komisja Krajowa w trybie art. 20 ustawy z dnia 23,05,1991 r. o zwi\u0105zkach zawodowych (Dz. U. z 2001 r. Nr 79, poz. 854 ze zm.) o zmian\u0119 ustawy z dnia 26.01.1982 r. \u2013 Karta Nauczyciela (Dz. U. z 2006 r. Nr 97, poz. 674 ze zm.) wnosi do:<\/p>\n<ol start=\"1\">\n<li>Prezydenta RP,<\/li>\n<li>Rady Ministr\u00f3w,<\/li>\n<li>Klub\u00f3w i K\u00f3\u0142 poselskich, o:<\/li>\n<\/ol>\n<ol start=\"1\">\n<li>uchylenie w art. 42 ust.2 pkt 2 tej\u017ce ustawy okre\u015ble\u0144: \u201ez tym \u017ce w ramach tych zaj\u0119\u0107:<\/li>\n<\/ol>\n<p style=\"text-align: justify;\">a)nauczyciel szko\u0142y podstawowej i gimnazjum, w tym specjalnych, jest obowi\u0105zany prowadzi\u0107 zaj\u0119cia opieki \u015bwietlicowej lub zaj\u0119cia w ramach godzin przeznaczonych w ramowych planach nauczania do dyspozycji dyrektora szko\u0142y, z wyj\u0105tkiem godzin przeznaczonych na zwi\u0119kszenie liczby godzin obowi\u0105zkowych zaj\u0119\u0107 edukacyjnych, w wymiarze 2 godzin w tygodniu,<\/p>\n<p style=\"text-align: justify;\">b)nauczyciel szko\u0142y ponadgimnazjalnej, w tym specjalnej, jest obowi\u0105zany prowadzi\u0107 zaj\u0119cia w ramach godzin przeznaczonych w ramowych planach nauczania do dyspozycji dyrektora szko\u0142y, z wyj\u0105tkiem godzin przeznaczonych na zwi\u0119kszenie liczby godzin obowi\u0105zkowych zaj\u0119\u0107 edukacyjnych, w wymiarze 1 godziny w tygodniu.\u201d,<\/p>\n<ol start=\"2\">\n<li style=\"text-align: justify;\">dopisanie w art. 35 Karty Nauczyciela ust\u0119pu 5. reguluj\u0105cego zasady wynagradzania za przydzielone w planie organizacyjnym szko\u0142y godziny ponadwymiarowe, nie odbyte z przyczyn niele\u017c\u0105cych po stronie nauczyciela; lub dopisanie w art. 30 ust. 6 KN upowa\u017cnienia ustawowego dla jednostek samorz\u0105du terytorialnego do ustalenia w uchwalanych przez nie regulaminach zasad wynagradzania za nieodbyte godziny ponadwymiarowe w takich sytuacjach.<\/li>\n<\/ol>\n<p>Uzasadnienie wniosku w za\u0142\u0105czeniu.<\/p>\n","protected":false},"excerpt":{"rendered":"<p>Komisja Krajowa w trybie art. 20 ustawy z dnia 23,05,1991 r. o zwi\u0105zkach zawodowych (Dz. U. z 2001 r. Nr 79, poz. 854 ze zm.) o zmian\u0119 ustawy z dnia 26.01.1982 r. \u2013 Karta Nauczyciela (Dz. U. z 2006 r. Nr 97, poz. 674 ze zm.) wnosi do: Prezydenta RP, Rady Ministr\u00f3w, Klub\u00f3w i K\u00f3\u0142 [&hellip;]<\/p>\n","protected":false},"author":3,"featured_media":0,"comment_status":"closed","ping_status":"closed","sticky":false,"template":"","format":"standard","meta":{"footnotes":""},"categories":[56,8],"tags":[99,3528,98,62,102],"class_list":["post-4460","post","type-post","status-publish","format-standard","hentry","category-2009kk","category-dokkk","tag-99","tag-30-09","tag-kk","tag-uchwala","tag-uchwala-kk"],"_links":{"self":[{"href":"https:\/\/www.solidarnosc.org.pl\/dok\/wp-json\/wp\/v2\/posts\/4460","targetHints":{"allow":["GET"]}}],"collection":[{"href":"https:\/\/www.solidarnosc.org.pl\/dok\/wp-json\/wp\/v2\/posts"}],"about":[{"href":"https:\/\/www.solidarnosc.org.pl\/dok\/wp-json\/wp\/v2\/types\/post"}],"author":[{"embeddable":true,"href":"https:\/\/www.solidarnosc.org.pl\/dok\/wp-json\/wp\/v2\/users\/3"}],"replies":[{"embeddable":true,"href":"https:\/\/www.solidarnosc.org.pl\/dok\/wp-json\/wp\/v2\/comments?post=4460"}],"version-history":[{"count":3,"href":"https:\/\/www.solidarnosc.org.pl\/dok\/wp-json\/wp\/v2\/posts\/4460\/revisions"}],"predecessor-version":[{"id":12279,"href":"https:\/\/www.solidarnosc.org.pl\/dok\/wp-json\/wp\/v2\/posts\/4460\/revisions\/12279"}],"wp:attachment":[{"href":"https:\/\/www.solidarnosc.org.pl\/dok\/wp-json\/wp\/v2\/media?parent=4460"}],"wp:term":[{"taxonomy":"category","embeddable":true,"href":"https:\/\/www.solidarnosc.org.pl\/dok\/wp-json\/wp\/v2\/categories?post=4460"},{"taxonomy":"post_tag","embeddable":true,"href":"https:\/\/www.solidarnosc.org.pl\/dok\/wp-json\/wp\/v2\/tags?post=4460"}],"curies":[{"name":"wp","href":"https:\/\/api.w.org\/{rel}","templated":true}]}}