{"id":4412,"date":"2009-03-25T12:12:36","date_gmt":"2009-03-25T11:12:36","guid":{"rendered":"http:\/\/www.solidarnosc.org.pl\/dok\/?p=4412"},"modified":"2024-06-24T15:25:05","modified_gmt":"2024-06-24T13:25:05","slug":"ws-zmiany-zasiegu-dzialania-regionow-pomorza-zachodniego-i-gorzow-wielkopolski","status":"publish","type":"post","link":"https:\/\/www.solidarnosc.org.pl\/dok\/2009\/03\/25\/ws-zmiany-zasiegu-dzialania-regionow-pomorza-zachodniego-i-gorzow-wielkopolski\/","title":{"rendered":"UCHWA\u0141A KK nr 16\/09 ws. zmiany zasi\u0119gu dzia\u0142ania Region\u00f3w: Pomorza Zachodniego i Gorz\u00f3w Wielkopolski"},"content":{"rendered":"<p style=\"text-align: justify;\">Komisja Krajowa NSZZ \u201eSolidarno\u015b\u0107\u201d, dzia\u0142aj\u0105c na podstawie \u00a7 22 ust.4 Statutu NSZZ \u201eSolidarno\u015b\u0107\u201d oraz \u00a7 2 Uchwa\u0142y nr 7 XIX KZD, na wniosek podstawowych jednostek organizacyjnych Zwi\u0105zku z powiatu choszcze\u0144skiego, podejmuje decyzj\u0119 o zmianie zasi\u0119gu dzia\u0142ania region\u00f3w, rozszerzaj\u0105c obszar Regionu Pomorza Zachodniego o powiat choszcze\u0144ski w Wojew\u00f3dztwie Zachodniopomorskim.<\/p>\n<p>Uchwa\u0142a wchodzi w \u017cycie z dniem podj\u0119cia.<\/p>\n<p style=\"text-align: justify;\">Niniejsza uchwa\u0142a stanowi podstaw\u0119 do niezw\u0142ocznego wpisania jednostek organizacyjnych Zwi\u0105zku z powiatu choszcze\u0144skiego do regionalnego rejestru jednostek organizacyjnych Regionie Pomorza Zachodniego. Zarejestrowanie tych jednostek organizacyjnych w Regionie Pomorza Zachodniego skutkuje jednoczesnym wyrejestrowaniem ich z Regionu Gorz\u00f3w Wielkopolski, ze wszystkimi tego konsekwencjami.<\/p>\n<p style=\"text-align: justify;\">Region rejestruj\u0105cy jednostki organizacyjne jest zobowi\u0105zany do poinformowania pracodawc\u00f3w, kt\u00f3rych te jednostki organizacyjne obejmuj\u0105 swoim dzia\u0142aniem, o zmianie ich w\u0142adz nadrz\u0119dnych.<\/p>\n","protected":false},"excerpt":{"rendered":"<p>Komisja Krajowa NSZZ \u201eSolidarno\u015b\u0107\u201d, dzia\u0142aj\u0105c na podstawie \u00a7 22 ust.4 Statutu NSZZ \u201eSolidarno\u015b\u0107\u201d oraz \u00a7 2 Uchwa\u0142y nr 7 XIX KZD, na wniosek podstawowych jednostek organizacyjnych Zwi\u0105zku z powiatu choszcze\u0144skiego, podejmuje decyzj\u0119 o zmianie zasi\u0119gu dzia\u0142ania region\u00f3w, rozszerzaj\u0105c obszar Regionu Pomorza Zachodniego o powiat choszcze\u0144ski w Wojew\u00f3dztwie Zachodniopomorskim. Uchwa\u0142a wchodzi w \u017cycie z dniem podj\u0119cia. [&hellip;]<\/p>\n","protected":false},"author":3,"featured_media":0,"comment_status":"closed","ping_status":"closed","sticky":false,"template":"","format":"standard","meta":{"footnotes":""},"categories":[56,8],"tags":[3516,99,98,62,102],"class_list":["post-4412","post","type-post","status-publish","format-standard","hentry","category-2009kk","category-dokkk","tag-16-09","tag-99","tag-kk","tag-uchwala","tag-uchwala-kk"],"_links":{"self":[{"href":"https:\/\/www.solidarnosc.org.pl\/dok\/wp-json\/wp\/v2\/posts\/4412","targetHints":{"allow":["GET"]}}],"collection":[{"href":"https:\/\/www.solidarnosc.org.pl\/dok\/wp-json\/wp\/v2\/posts"}],"about":[{"href":"https:\/\/www.solidarnosc.org.pl\/dok\/wp-json\/wp\/v2\/types\/post"}],"author":[{"embeddable":true,"href":"https:\/\/www.solidarnosc.org.pl\/dok\/wp-json\/wp\/v2\/users\/3"}],"replies":[{"embeddable":true,"href":"https:\/\/www.solidarnosc.org.pl\/dok\/wp-json\/wp\/v2\/comments?post=4412"}],"version-history":[{"count":2,"href":"https:\/\/www.solidarnosc.org.pl\/dok\/wp-json\/wp\/v2\/posts\/4412\/revisions"}],"predecessor-version":[{"id":11886,"href":"https:\/\/www.solidarnosc.org.pl\/dok\/wp-json\/wp\/v2\/posts\/4412\/revisions\/11886"}],"wp:attachment":[{"href":"https:\/\/www.solidarnosc.org.pl\/dok\/wp-json\/wp\/v2\/media?parent=4412"}],"wp:term":[{"taxonomy":"category","embeddable":true,"href":"https:\/\/www.solidarnosc.org.pl\/dok\/wp-json\/wp\/v2\/categories?post=4412"},{"taxonomy":"post_tag","embeddable":true,"href":"https:\/\/www.solidarnosc.org.pl\/dok\/wp-json\/wp\/v2\/tags?post=4412"}],"curies":[{"name":"wp","href":"https:\/\/api.w.org\/{rel}","templated":true}]}}