{"id":4398,"date":"2009-03-24T12:03:08","date_gmt":"2009-03-24T11:03:08","guid":{"rendered":"http:\/\/www.solidarnosc.org.pl\/dok\/?p=4398"},"modified":"2024-06-24T15:15:12","modified_gmt":"2024-06-24T13:15:12","slug":"uchwala-kk-nr-112009-ws-ankiet-osobowych-kandydatowczlonkow-wladz-zwiazku","status":"publish","type":"post","link":"https:\/\/www.solidarnosc.org.pl\/dok\/2009\/03\/24\/uchwala-kk-nr-112009-ws-ankiet-osobowych-kandydatowczlonkow-wladz-zwiazku\/","title":{"rendered":"Uchwa\u0142a KK nr 11\/09 ws. ankiet osobowych kandydat\u00f3w\/cz\u0142onk\u00f3w w\u0142adz Zwi\u0105zku"},"content":{"rendered":"<p style=\"text-align: justify;\">1. Ze wzgl\u0119du na konieczno\u015b\u0107 ujednolicenia informacji wpisywanych do Krajowej Bazy Danych NSZZ \u201eSolidarno\u015b\u0107\u201d, Komisja Krajowa NSZZ \u201eSolidarno\u015b\u0107\u201d wprowadza obowi\u0105zek wype\u0142niania ankiet osobowych przez wszystkich cz\u0142onk\u00f3w Zwi\u0105zku (tak\u017ce przez elektor\u00f3w w \u0142\u0105czonych okr\u0119gach wyborczych) kandyduj\u0105cych na nast\u0119puj\u0105ce funkcje zwi\u0105zkowe:<\/p>\n<p style=\"text-align: justify;\">1) delegata na walne zebranie delegat\u00f3w regionu,<br \/>\n2) delegata na walne zebranie delegat\u00f3w lub kongres bran\u017cowej oraz problemowej jednostki organizacyjnej,<br \/>\n3) delegata na Krajowy Zjazd Delegat\u00f3w,<br \/>\n4) przewodnicz\u0105cego zarz\u0105du regionu,<br \/>\n5) przewodnicz\u0105cego rady sekcji bran\u017cowej oraz problemowej (regionalnej i krajowej),<br \/>\n6) przewodnicz\u0105cego rady sekretariatu bran\u017cowego oraz problemowego (regionalnego i krajowego),<br \/>\n7) przewodnicz\u0105cego Komisji Krajowej,<br \/>\n8) cz\u0142onka zarz\u0105du regionu,<br \/>\n9) cz\u0142onka rady sekcji bran\u017cowej (regionalnej i krajowej),<br \/>\n10) cz\u0142onka rady sekretariatu bran\u017cowego oraz problemowego (regionalnego i krajowego),<br \/>\n11) cz\u0142onka Komisji Krajowej.<br \/>\n12) cz\u0142onka komisji rewizyjnej wszystkich regionalnych i krajowych jednostek organizacyjnych Zwi\u0105zku.<\/p>\n<p style=\"text-align: justify;\">2. Przekazanie ankiety osobowej kandydata, wype\u0142nionej czytelnie, zgodnie ze stanem faktycznym i podpisanej, do odpowiedniej komisji mandatowo \u2013 wyborczej jest niezb\u0119dnym warunkiem do wpisania jego nazwiska na list\u0119 kandydat\u00f3w oraz zatwierdzenia dokonanego wyboru przez &#8211; odpowiednio regionaln\u0105 komisj\u0119 wyborcz\u0105 lub Krajow\u0105 Komisj\u0119 Wyborcz\u0105.<\/p>\n<p style=\"text-align: justify;\">3. Spe\u0142nieniem warunku, o kt\u00f3rym mowa w ust. 2 jest te\u017c potwierdzenie przez regionaln\u0105 komisj\u0119 wyborcz\u0105 b\u0105d\u017a Krajow\u0105 Komisj\u0119 Wyborcz\u0105, \u017ce kandydat wype\u0142ni\u0142 ankiet\u0119 i jest ona w zasobach regionalnej komisji wyborczej lub Krajowej Komisji Wyborczej.<\/p>\n<p style=\"text-align: justify;\">4. Regionalna komisja wyborcza ma obowi\u0105zek przekaza\u0107 niezw\u0142ocznie do Krajowej Komisji Wyborczej ankiety osobowe kandydat\u00f3w na jedn\u0105 z funkcji wymienionych w ust. 1. Nie ma wymogu ponownego wype\u0142niania ankiety osobowej w przypadku, gdy kandyduje si\u0119 na wi\u0119cej ni\u017c jedn\u0105 funkcj\u0119, wymienion\u0105 w ust. 1. W takim przypadku odpowiednio &#8211; regionalna komisja wyborcza lub Krajowa Komisja Wyborcza potwierdza, o czym mowa w ust. 3., \u017ce kandydat spe\u0142ni\u0142 warunki opisane w ust. 2.<\/p>\n<p>5. Wz\u00f3r ankiety osobowej stanowi za\u0142\u0105cznik do niniejszej uchwa\u0142y.<\/p>\n<p>6. Jednocze\u015bnie Komisja Krajowa anuluje uchwa\u0142\u0119 KK nr 65\/2001 z dnia 18.09.2001 r.<\/p>\n<h2><\/h2>\n","protected":false},"excerpt":{"rendered":"<p>1. Ze wzgl\u0119du na konieczno\u015b\u0107 ujednolicenia informacji wpisywanych do Krajowej Bazy Danych NSZZ \u201eSolidarno\u015b\u0107\u201d, Komisja Krajowa NSZZ \u201eSolidarno\u015b\u0107\u201d wprowadza obowi\u0105zek wype\u0142niania ankiet osobowych przez wszystkich cz\u0142onk\u00f3w Zwi\u0105zku (tak\u017ce przez elektor\u00f3w w \u0142\u0105czonych okr\u0119gach wyborczych) kandyduj\u0105cych na nast\u0119puj\u0105ce funkcje zwi\u0105zkowe: 1) delegata na walne zebranie delegat\u00f3w regionu, 2) delegata na walne zebranie delegat\u00f3w lub kongres bran\u017cowej [&hellip;]<\/p>\n","protected":false},"author":3,"featured_media":0,"comment_status":"closed","ping_status":"closed","sticky":false,"template":"","format":"standard","meta":{"footnotes":""},"categories":[56,8],"tags":[522,99,98,62,102],"class_list":["post-4398","post","type-post","status-publish","format-standard","hentry","category-2009kk","category-dokkk","tag-11-09","tag-99","tag-kk","tag-uchwala","tag-uchwala-kk"],"_links":{"self":[{"href":"https:\/\/www.solidarnosc.org.pl\/dok\/wp-json\/wp\/v2\/posts\/4398","targetHints":{"allow":["GET"]}}],"collection":[{"href":"https:\/\/www.solidarnosc.org.pl\/dok\/wp-json\/wp\/v2\/posts"}],"about":[{"href":"https:\/\/www.solidarnosc.org.pl\/dok\/wp-json\/wp\/v2\/types\/post"}],"author":[{"embeddable":true,"href":"https:\/\/www.solidarnosc.org.pl\/dok\/wp-json\/wp\/v2\/users\/3"}],"replies":[{"embeddable":true,"href":"https:\/\/www.solidarnosc.org.pl\/dok\/wp-json\/wp\/v2\/comments?post=4398"}],"version-history":[{"count":3,"href":"https:\/\/www.solidarnosc.org.pl\/dok\/wp-json\/wp\/v2\/posts\/4398\/revisions"}],"predecessor-version":[{"id":11878,"href":"https:\/\/www.solidarnosc.org.pl\/dok\/wp-json\/wp\/v2\/posts\/4398\/revisions\/11878"}],"wp:attachment":[{"href":"https:\/\/www.solidarnosc.org.pl\/dok\/wp-json\/wp\/v2\/media?parent=4398"}],"wp:term":[{"taxonomy":"category","embeddable":true,"href":"https:\/\/www.solidarnosc.org.pl\/dok\/wp-json\/wp\/v2\/categories?post=4398"},{"taxonomy":"post_tag","embeddable":true,"href":"https:\/\/www.solidarnosc.org.pl\/dok\/wp-json\/wp\/v2\/tags?post=4398"}],"curies":[{"name":"wp","href":"https:\/\/api.w.org\/{rel}","templated":true}]}}